{"id":98506,"date":"2016-10-31T06:14:25","date_gmt":"2016-10-31T08:14:25","guid":{"rendered":"http:\/\/www.redenoticia.com.br\/noticia\/?p=98506"},"modified":"2016-10-28T15:15:16","modified_gmt":"2016-10-28T17:15:16","slug":"industria-paulista-reduz-atividade-em-23","status":"publish","type":"post","link":"https:\/\/www.redenoticia.com.br\/noticia\/2016\/industria-paulista-reduz-atividade-em-23\/98506","title":{"rendered":"Ind\u00fastria paulista reduz atividade em 2,3%"},"content":{"rendered":"<p> O <strong><em>Indicador de N\u00edvel de Atividade<\/em><\/strong> (INA) da ind\u00fastria de transforma\u00e7\u00e3o paulista encerrou o terceiro trimestre do ano com redu\u00e7\u00e3o de 2,3% sobre os tr\u00eas meses anteriores, sem considerar os efeitos sazonais do per\u00edodo. Esse resultado mostra uma piora no desempenho do setor que j\u00e1 tinha apresentado retra\u00e7\u00e3o em setembro (-0,2%).<\/p>\n<p>Diante desse quadro, foi alterada a previs\u00e3o de fechamento do ano para um recuo de 9% ante uma proje\u00e7\u00e3o anterior de queda de 6,4%. Os dados s\u00e3o do Departamento de Pesquisas e Estudos Econ\u00f4micos (Depecon), da Federa\u00e7\u00e3o e Centro das Ind\u00fastrias do Estado de S\u00e3o Paulo (Fiesp\/Ciesp).<\/p>\n<p>Por meio de nota, o diretor do Depecon, Paulo Francini, apontou que pode ocorrer um descolamento entre o Produto Interno Bruto (PIB), que \u00e9 a soma das riquezas geradas no pa\u00eds, e a atividade industrial.<\/p>\n<p>\u201cO ano vai terminar pior para a ind\u00fastria do que 2015. Talvez o PIB n\u00e3o caia tanto quanto no ano passado, mas o comportamento da ind\u00fastria vai ser pior em 2016\u201d.<\/p>\n<p>Quedas no Indicador de N\u00edvel de Atividade<\/p>\n<p>Para ele, nos dois \u00faltimos anos ocorreram quedas no Indicador de N\u00edvel de Atividade com varia\u00e7\u00f5es de (-6%), em 2014 e de (-6,2%), em 2015. O executivo destacou que s\u00f3 ocorreram dois anos seguidos de resultados negativos na ind\u00fastria em 1930.<\/p>\n<p>Na avalia\u00e7\u00e3o dele, ainda n\u00e3o d\u00e1 para se prever quando haver\u00e1 recupera\u00e7\u00e3o em raz\u00e3o do alto \u00edndice de desemprego, da renda baixa e do cr\u00e9dito restritivo.  \u201cPara n\u00f3s, 2016 terminou. Agora, \u00e9 torcer para o final do ano chegar logo, criar novas esperan\u00e7as e ir em frente\u201d, disse.<\/p>\n<p>A maior queda no terceiro do ano foi verificada no setor de m\u00e1quinas e materiais el\u00e9tricos (-2%). A pesquisa aponta ainda que, no total de vendas reais, ocorreu recuo de 2,5% e em horas trabalhadas na produ\u00e7\u00e3o, de -2,3%. J\u00e1 o N\u00edvel de Utiliza\u00e7\u00e3o da Capacidade Instalada (Nuci) teve pequena eleva\u00e7\u00e3o de 0,3 ponto percentual.<\/p>\n<p>Na ind\u00fastria t\u00eaxtil, a atividade foi 1% mais baixa entre agosto e setembro com queda de 1,9% nas vendas reais e de -1,4% no total de horas trabalhadas e estabilidade no Nicu (01 ponto percentual).<\/p>\n<p>Marli Moreira &#8211; Rep\u00f3rter da Ag\u00eancia Brasil<br \/>\nEdi\u00e7\u00e3o: Kleber Sampaio<br \/>\n31\/10\/2016<\/p>\n","protected":false},"excerpt":{"rendered":"<p>O Indicador de N\u00edvel de Atividade (INA) da ind\u00fastria de transforma\u00e7\u00e3o paulista encerrou o terceiro trimestre do ano com redu\u00e7\u00e3o de 2,3% sobre os tr\u00eas meses anteriores, sem considerar os efeitos sazonais do per\u00edodo. Esse resultado mostra uma piora no desempenho do setor que j\u00e1 tinha apresentado retra\u00e7\u00e3o em setembro (-0,2%). Diante desse quadro, foi [&hellip;]<\/p>\n","protected":false},"author":2,"featured_media":38938,"comment_status":"open","ping_status":"closed","sticky":false,"template":"","format":"standard","meta":{"_genesis_hide_title":false,"_genesis_hide_breadcrumbs":false,"_genesis_hide_singular_image":false,"_genesis_hide_footer_widgets":false,"_genesis_custom_body_class":"","_genesis_custom_post_class":"","_genesis_layout":"","_jetpack_memberships_contains_paid_content":false,"footnotes":""},"categories":[22,7],"tags":[],"class_list":{"0":"post-98506","1":"post","2":"type-post","3":"status-publish","4":"format-standard","5":"has-post-thumbnail","7":"category-brasil","8":"category-economia","9":"entry","10":"gs-1","11":"gs-odd","12":"gs-even","13":"gs-featured-content-entry"},"jetpack_featured_media_url":"https:\/\/www.redenoticia.com.br\/noticia\/imagens\/economia1.jpg","jetpack_sharing_enabled":true,"jetpack_likes_enabled":true,"_links":{"self":[{"href":"https:\/\/www.redenoticia.com.br\/noticia\/wp-json\/wp\/v2\/posts\/98506","targetHints":{"allow":["GET"]}}],"collection":[{"href":"https:\/\/www.redenoticia.com.br\/noticia\/wp-json\/wp\/v2\/posts"}],"about":[{"href":"https:\/\/www.redenoticia.com.br\/noticia\/wp-json\/wp\/v2\/types\/post"}],"author":[{"embeddable":true,"href":"https:\/\/www.redenoticia.com.br\/noticia\/wp-json\/wp\/v2\/users\/2"}],"replies":[{"embeddable":true,"href":"https:\/\/www.redenoticia.com.br\/noticia\/wp-json\/wp\/v2\/comments?post=98506"}],"version-history":[{"count":0,"href":"https:\/\/www.redenoticia.com.br\/noticia\/wp-json\/wp\/v2\/posts\/98506\/revisions"}],"wp:featuredmedia":[{"embeddable":true,"href":"https:\/\/www.redenoticia.com.br\/noticia\/wp-json\/wp\/v2\/media\/38938"}],"wp:attachment":[{"href":"https:\/\/www.redenoticia.com.br\/noticia\/wp-json\/wp\/v2\/media?parent=98506"}],"wp:term":[{"taxonomy":"category","embeddable":true,"href":"https:\/\/www.redenoticia.com.br\/noticia\/wp-json\/wp\/v2\/categories?post=98506"},{"taxonomy":"post_tag","embeddable":true,"href":"https:\/\/www.redenoticia.com.br\/noticia\/wp-json\/wp\/v2\/tags?post=98506"}],"curies":[{"name":"wp","href":"https:\/\/api.w.org\/{rel}","templated":true}]}}