{"id":98449,"date":"2016-10-28T06:49:18","date_gmt":"2016-10-28T08:49:18","guid":{"rendered":"http:\/\/www.redenoticia.com.br\/noticia\/?p=98449"},"modified":"2016-10-27T15:50:01","modified_gmt":"2016-10-27T17:50:01","slug":"receita-arrecada-r-401-bi-com-impostos-de-repatriacao-de-recursos","status":"publish","type":"post","link":"https:\/\/www.redenoticia.com.br\/noticia\/2016\/receita-arrecada-r-401-bi-com-impostos-de-repatriacao-de-recursos\/98449","title":{"rendered":"Receita arrecada R$ 40,1 bi com impostos de repatria\u00e7\u00e3o de recursos"},"content":{"rendered":"<p> A <strong><em>arrecada\u00e7\u00e3o com impostos e multas<\/em><\/strong> decorrentes da repatria\u00e7\u00e3o de recursos ilegais mantidos no exterior soma R$ 40,1 bilh\u00f5es at\u00e9 a manh\u00e3 de 27\/10, informou a Receita Federal.<\/p>\n<p>O valor \u00e9 resultado da entrada de R$ 133,6 bilh\u00f5es no pa\u00eds desde que passou a vigorar o Regime Especial de Regulariza\u00e7\u00e3o Cambial e Tribut\u00e1ria, conhecido como Lei da Repatria\u00e7\u00e3o. At\u00e9 o momento, 18.651 pessoas f\u00edsicas e 605 pessoas jur\u00eddicas aderiram ao programa.<\/p>\n<p>A Receita alerta que o prazo para a regulariza\u00e7\u00e3o dos recursos se encerra no dia 31 de outubro. Para isso, o contribuinte interessado no programa deve baixar um aplicativo, dispon\u00edvel no site do \u00f3rg\u00e3o.<\/p>\n<p>Em 26\/10, o Banco Central emitiu um alerta aos interessados na repatria\u00e7\u00e3o de recursos ilegais para n\u00e3o deixarem para \u00faltima hora o pagamento de impostos e multas. Para aderir ao programa dentro do prazo, n\u00e3o basta declarar os recursos, mas \u00e9 necess\u00e1rio quitar integralmente as d\u00edvidas.<\/p>\n<p>A nota emitida pela autoridade monet\u00e1ria foi especialmente direcionada aos contribuintes que desejam realizar os pagamentos utilizando parte dos recursos repatriados. Para isso, ser\u00e1 necess\u00e1rio converter os valores em reais por meio da contrata\u00e7\u00e3o de opera\u00e7\u00f5es de c\u00e2mbio, que podem levar at\u00e9 dois dias \u00fateis para serem liquidadas.<\/p>\n<p>Por causa da repatria\u00e7\u00e3o, o Banco Central mudou o hor\u00e1rio de encerramento do registro de opera\u00e7\u00f5es de c\u00e2mbio das 19h para \u00e0s 23h entre os dias 26 e 31 de outubro.<\/p>\n<p>Felipe Pontes &#8211; Rep\u00f3rter da Ag\u00eancia Brasil<br \/>\nEdi\u00e7\u00e3o: Kleber Sampaio<br \/>\n28\/10\/2016<\/p>\n","protected":false},"excerpt":{"rendered":"<p>A arrecada\u00e7\u00e3o com impostos e multas decorrentes da repatria\u00e7\u00e3o de recursos ilegais mantidos no exterior soma R$ 40,1 bilh\u00f5es at\u00e9 a manh\u00e3 de 27\/10, informou a Receita Federal. O valor \u00e9 resultado da entrada de R$ 133,6 bilh\u00f5es no pa\u00eds desde que passou a vigorar o Regime Especial de Regulariza\u00e7\u00e3o Cambial e Tribut\u00e1ria, conhecido como [&hellip;]<\/p>\n","protected":false},"author":2,"featured_media":40734,"comment_status":"open","ping_status":"closed","sticky":false,"template":"","format":"standard","meta":{"_genesis_hide_title":false,"_genesis_hide_breadcrumbs":false,"_genesis_hide_singular_image":false,"_genesis_hide_footer_widgets":false,"_genesis_custom_body_class":"","_genesis_custom_post_class":"","_genesis_layout":"","_jetpack_memberships_contains_paid_content":false,"footnotes":""},"categories":[22,7],"tags":[],"class_list":{"0":"post-98449","1":"post","2":"type-post","3":"status-publish","4":"format-standard","5":"has-post-thumbnail","7":"category-brasil","8":"category-economia","9":"entry","10":"gs-1","11":"gs-odd","12":"gs-even","13":"gs-featured-content-entry"},"jetpack_featured_media_url":"https:\/\/www.redenoticia.com.br\/noticia\/imagens\/economia-resultados.jpg","jetpack_sharing_enabled":true,"jetpack_likes_enabled":true,"_links":{"self":[{"href":"https:\/\/www.redenoticia.com.br\/noticia\/wp-json\/wp\/v2\/posts\/98449","targetHints":{"allow":["GET"]}}],"collection":[{"href":"https:\/\/www.redenoticia.com.br\/noticia\/wp-json\/wp\/v2\/posts"}],"about":[{"href":"https:\/\/www.redenoticia.com.br\/noticia\/wp-json\/wp\/v2\/types\/post"}],"author":[{"embeddable":true,"href":"https:\/\/www.redenoticia.com.br\/noticia\/wp-json\/wp\/v2\/users\/2"}],"replies":[{"embeddable":true,"href":"https:\/\/www.redenoticia.com.br\/noticia\/wp-json\/wp\/v2\/comments?post=98449"}],"version-history":[{"count":0,"href":"https:\/\/www.redenoticia.com.br\/noticia\/wp-json\/wp\/v2\/posts\/98449\/revisions"}],"wp:featuredmedia":[{"embeddable":true,"href":"https:\/\/www.redenoticia.com.br\/noticia\/wp-json\/wp\/v2\/media\/40734"}],"wp:attachment":[{"href":"https:\/\/www.redenoticia.com.br\/noticia\/wp-json\/wp\/v2\/media?parent=98449"}],"wp:term":[{"taxonomy":"category","embeddable":true,"href":"https:\/\/www.redenoticia.com.br\/noticia\/wp-json\/wp\/v2\/categories?post=98449"},{"taxonomy":"post_tag","embeddable":true,"href":"https:\/\/www.redenoticia.com.br\/noticia\/wp-json\/wp\/v2\/tags?post=98449"}],"curies":[{"name":"wp","href":"https:\/\/api.w.org\/{rel}","templated":true}]}}