{"id":98447,"date":"2016-10-28T06:48:20","date_gmt":"2016-10-28T08:48:20","guid":{"rendered":"http:\/\/www.redenoticia.com.br\/noticia\/?p=98447"},"modified":"2016-10-27T15:49:14","modified_gmt":"2016-10-27T17:49:14","slug":"desemprego-vai-a-118-e-pais-tem-12-milhoes-de-desocupados","status":"publish","type":"post","link":"https:\/\/www.redenoticia.com.br\/noticia\/2016\/desemprego-vai-a-118-e-pais-tem-12-milhoes-de-desocupados\/98447","title":{"rendered":"Desemprego vai a 11,8% e pa\u00eds tem 12 milh\u00f5es de desocupados"},"content":{"rendered":"<p> A taxa de desocupa\u00e7\u00e3o cresceu 0,5 ponto percentual ao passar de 11,3% para 11,8%, entre o trimestre encerrado em junho (abril, maio e junho) e o encerrado em setembro (julho, agosto e setembro) deste ano. Com o resultado, a popula\u00e7\u00e3o <strong><em>desempregada<\/em><\/strong> atingiu em setembro 12 milh\u00f5es de pessoas, um crescimento de 3,8% em rela\u00e7\u00e3o ao trimestre encerrado em junho \u2013 o equivalente a mais 437 mil pessoas desocupadas.<\/p>\n<p>Os dados s\u00e3o da Pesquisa Nacional por Amostra de Domic\u00edlio Cont\u00ednua (Pnad Cont\u00ednua), divulgada pelo Instituto Brasileiro de Geografia e Estat\u00edstica (IBGE). Os n\u00fameros do trimestre encerrado em setembro indicam, em contrapartida, uma ligeira melhora no sal\u00e1rio real pago ao trabalhador, embora ele ainda esteja abaixo do valor pago em igual trimestre de 2015.<\/p>\n<p>Rendimentos subiram 0,9%<\/p>\n<p>Pela pesquisa, o rendimento m\u00e9dio real habitualmente recebido em todos os trabalhos fechou setembro em R$ 2.015,00, uma alta de 0,9% frente aos R$ 1.997,00 pagos no trimestre de abril a junho de 2016.<br \/>\nComparativamente ao mesmo trimestre do ano passado,  quando o sal\u00e1rio m\u00e9dio real habitualmente recebido era R$ 2.059, houve queda de 2,1%.<\/p>\n<p>J\u00e1 a massa de rendimento real habitualmente recebida pelas pessoas ocupadas em todos os trabalhos n\u00e3o apresentou varia\u00e7\u00e3o significativa em rela\u00e7\u00e3o ao trimestre de abril a junho de 2016, ao fechar setembro em R$ R$ 176,8 bilh\u00f5es. J\u00e1 frente ao mesmo trimestre do ano anterior, houve queda de 3,8%.<\/p>\n<p>Popula\u00e7\u00e3o ocupada \u00e9 de 89,8 milh\u00f5es<\/p>\n<p>Os dados da pesquisa Pnad Cont\u00ednua, divulgados hoje pelo IBGE, indicam que a popula\u00e7\u00e3o ocupada fechou setembro deste ano em 89,8 milh\u00f5es de pessoas, uma redu\u00e7\u00e3o de 1,1%, quando comparada com o trimestre de abril a junho, menos 963 mil pessoas.<\/p>\n<p>Quando comparada a igual trimestre de 2015, houve queda de 2,4% na popula\u00e7\u00e3o ocupada, uma retra\u00e7\u00e3o de 2,3 milh\u00f5es de pessoas no contingente de pessoas ocupadas no pa\u00eds em um ano.<\/p>\n<p>Segundo o IBGE, \u00e9 a primeira vez desde o segundo trimestre de 2013 que a popula\u00e7\u00e3o ocupada fica abaixo dos 90 milh\u00f5es de trabalhadores.<\/p>\n<p>Do ponto de vista dos trabalhadores com carteira assinada (34,1 milh\u00f5es de pessoas em setembro), houve queda de 0,9% frente ao trimestre de abril a junho deste ano (menos 314 mil pessoas). Quando a compara\u00e7\u00e3o se d\u00e1 com igual trimestre do ano anterior, a redu\u00e7\u00e3o no n\u00famero de pessoas com carteira assinada \u00e9 de 3,7% &#8211; menos 1,3 milh\u00e3o de pessoas.<\/p>\n<p>Metodologia aplicada pelo IBGE<\/p>\n<p>Os indicadores da Pnad Cont\u00ednua s\u00e3o calculados para trimestres m\u00f3veis, utilizando-se as informa\u00e7\u00f5es dos \u00faltimos tr\u00eas meses consecutivos da pesquisa. A taxa do trimestre m\u00f3vel terminado em setembro de 2016 foi calculada a partir das informa\u00e7\u00f5es coletadas em julho, agosto e setembro deste ano.<\/p>\n<p>Desta forma, no trimestre de julho a setembro de 2016, havia cerca de 12 milh\u00f5es de pessoas desocupadas no Brasil. Este contingente cresceu 3,8% (mais 437 mil pessoas) frente ao trimestre de abril a junho de 2016, quando a desocupa\u00e7\u00e3o foi estimada em 11,6 milh\u00f5es de pessoas. No confronto com igual trimestre do ano passado (neste caso na base comparativa de 12 meses) esta estimativa subiu 33,9% (mais 3 milh\u00f5es de pessoas).<\/p>\n<p>Nielmar de Oliveira &#8211; Rep\u00f3rter da Ag\u00eancia Brasil<br \/>\nEdi\u00e7\u00e3o: Kleber Sampaio<br \/>\n28\/10\/2016<\/p>\n","protected":false},"excerpt":{"rendered":"<p>A taxa de desocupa\u00e7\u00e3o cresceu 0,5 ponto percentual ao passar de 11,3% para 11,8%, entre o trimestre encerrado em junho (abril, maio e junho) e o encerrado em setembro (julho, agosto e setembro) deste ano. Com o resultado, a popula\u00e7\u00e3o desempregada atingiu em setembro 12 milh\u00f5es de pessoas, um crescimento de 3,8% em rela\u00e7\u00e3o ao [&hellip;]<\/p>\n","protected":false},"author":2,"featured_media":57582,"comment_status":"open","ping_status":"closed","sticky":false,"template":"","format":"standard","meta":{"_genesis_hide_title":false,"_genesis_hide_breadcrumbs":false,"_genesis_hide_singular_image":false,"_genesis_hide_footer_widgets":false,"_genesis_custom_body_class":"","_genesis_custom_post_class":"","_genesis_layout":"","_jetpack_memberships_contains_paid_content":false,"footnotes":""},"categories":[22,7],"tags":[],"class_list":{"0":"post-98447","1":"post","2":"type-post","3":"status-publish","4":"format-standard","5":"has-post-thumbnail","7":"category-brasil","8":"category-economia","9":"entry","10":"gs-1","11":"gs-odd","12":"gs-even","13":"gs-featured-content-entry"},"jetpack_featured_media_url":"https:\/\/www.redenoticia.com.br\/noticia\/imagens\/grafico1.jpg","jetpack_sharing_enabled":true,"jetpack_likes_enabled":true,"_links":{"self":[{"href":"https:\/\/www.redenoticia.com.br\/noticia\/wp-json\/wp\/v2\/posts\/98447","targetHints":{"allow":["GET"]}}],"collection":[{"href":"https:\/\/www.redenoticia.com.br\/noticia\/wp-json\/wp\/v2\/posts"}],"about":[{"href":"https:\/\/www.redenoticia.com.br\/noticia\/wp-json\/wp\/v2\/types\/post"}],"author":[{"embeddable":true,"href":"https:\/\/www.redenoticia.com.br\/noticia\/wp-json\/wp\/v2\/users\/2"}],"replies":[{"embeddable":true,"href":"https:\/\/www.redenoticia.com.br\/noticia\/wp-json\/wp\/v2\/comments?post=98447"}],"version-history":[{"count":0,"href":"https:\/\/www.redenoticia.com.br\/noticia\/wp-json\/wp\/v2\/posts\/98447\/revisions"}],"wp:featuredmedia":[{"embeddable":true,"href":"https:\/\/www.redenoticia.com.br\/noticia\/wp-json\/wp\/v2\/media\/57582"}],"wp:attachment":[{"href":"https:\/\/www.redenoticia.com.br\/noticia\/wp-json\/wp\/v2\/media?parent=98447"}],"wp:term":[{"taxonomy":"category","embeddable":true,"href":"https:\/\/www.redenoticia.com.br\/noticia\/wp-json\/wp\/v2\/categories?post=98447"},{"taxonomy":"post_tag","embeddable":true,"href":"https:\/\/www.redenoticia.com.br\/noticia\/wp-json\/wp\/v2\/tags?post=98447"}],"curies":[{"name":"wp","href":"https:\/\/api.w.org\/{rel}","templated":true}]}}