{"id":98445,"date":"2016-10-28T06:47:31","date_gmt":"2016-10-28T08:47:31","guid":{"rendered":"http:\/\/www.redenoticia.com.br\/noticia\/?p=98445"},"modified":"2016-10-27T15:48:15","modified_gmt":"2016-10-27T17:48:15","slug":"venda-de-maquinas-e-equipamentos-nacionais-cai-278-de-janeiro-a-setembro","status":"publish","type":"post","link":"https:\/\/www.redenoticia.com.br\/noticia\/2016\/venda-de-maquinas-e-equipamentos-nacionais-cai-278-de-janeiro-a-setembro\/98445","title":{"rendered":"Venda de m\u00e1quinas e equipamentos nacionais cai 27,8% de janeiro a setembro"},"content":{"rendered":"<p> As <strong><em>vendas da ind\u00fastria nacional de m\u00e1quinas e equipamentos<\/em><\/strong> no acumulado do ano, at\u00e9 setembro, somaram R$ 50,164 bilh\u00f5es. O resultado \u00e9 27,8% menor que o registrado no mesmo per\u00edodo de 2015. Em setembro, as vendas no setor totalizaram R$ 5,507 bilh\u00f5es, 3,1% a menos que em agosto, e 19,2% inferior ao resultado de setembro de 2015. Os dados foram divulgados pela Associa\u00e7\u00e3o Brasileira de M\u00e1quinas e Equipamentos (Abimaq).<\/p>\n<p> As exporta\u00e7\u00f5es do setor atingiram R$ 5,9 bilh\u00f5es no acumulado do ano, alta de 1% em rela\u00e7\u00e3o ao mesmo per\u00edodo de 2015. Em setembro, foram exportados R$ 612,9 milh\u00f5es em m\u00e1quinas e equipamentos nacionais, queda de 11,9% no comparativo a agosto, e retra\u00e7\u00e3o de 10% em rela\u00e7\u00e3o a setembro do ano passado.<\/p>\n<p>J\u00e1 as importa\u00e7\u00f5es chegaram a R$ 12,135 bilh\u00f5es no acumulado de janeiro a setembro, queda de 18,5% em rela\u00e7\u00e3o ao mesmo per\u00edodo do ano passado. Apenas em setembro, as importa\u00e7\u00f5es foram de R$ 1 bilh\u00e3o, 16,5% menos que em agosto, e 23% inferiores ao registrado no mesmo m\u00eas de 2015.<\/p>\n<p>O setor empregava, em setembro, 306 mil pessoas, 0,2% a menos que em agosto, e 5,9% menos que  no mesmo m\u00eas do ano passado.<\/p>\n<p>Bruno Bocchini &#8211; Rep\u00f3rter da Ag\u00eancia Brasil<br \/>\nEdi\u00e7\u00e3o: Luana Louren\u00e7o<br \/>\n28\/10\/2016<\/p>\n","protected":false},"excerpt":{"rendered":"<p>As vendas da ind\u00fastria nacional de m\u00e1quinas e equipamentos no acumulado do ano, at\u00e9 setembro, somaram R$ 50,164 bilh\u00f5es. O resultado \u00e9 27,8% menor que o registrado no mesmo per\u00edodo de 2015. Em setembro, as vendas no setor totalizaram R$ 5,507 bilh\u00f5es, 3,1% a menos que em agosto, e 19,2% inferior ao resultado de setembro [&hellip;]<\/p>\n","protected":false},"author":2,"featured_media":38938,"comment_status":"open","ping_status":"closed","sticky":false,"template":"","format":"standard","meta":{"_genesis_hide_title":false,"_genesis_hide_breadcrumbs":false,"_genesis_hide_singular_image":false,"_genesis_hide_footer_widgets":false,"_genesis_custom_body_class":"","_genesis_custom_post_class":"","_genesis_layout":"","_jetpack_memberships_contains_paid_content":false,"footnotes":""},"categories":[22,7],"tags":[],"class_list":{"0":"post-98445","1":"post","2":"type-post","3":"status-publish","4":"format-standard","5":"has-post-thumbnail","7":"category-brasil","8":"category-economia","9":"entry","10":"gs-1","11":"gs-odd","12":"gs-even","13":"gs-featured-content-entry"},"jetpack_featured_media_url":"https:\/\/www.redenoticia.com.br\/noticia\/imagens\/economia1.jpg","jetpack_sharing_enabled":true,"jetpack_likes_enabled":true,"_links":{"self":[{"href":"https:\/\/www.redenoticia.com.br\/noticia\/wp-json\/wp\/v2\/posts\/98445","targetHints":{"allow":["GET"]}}],"collection":[{"href":"https:\/\/www.redenoticia.com.br\/noticia\/wp-json\/wp\/v2\/posts"}],"about":[{"href":"https:\/\/www.redenoticia.com.br\/noticia\/wp-json\/wp\/v2\/types\/post"}],"author":[{"embeddable":true,"href":"https:\/\/www.redenoticia.com.br\/noticia\/wp-json\/wp\/v2\/users\/2"}],"replies":[{"embeddable":true,"href":"https:\/\/www.redenoticia.com.br\/noticia\/wp-json\/wp\/v2\/comments?post=98445"}],"version-history":[{"count":0,"href":"https:\/\/www.redenoticia.com.br\/noticia\/wp-json\/wp\/v2\/posts\/98445\/revisions"}],"wp:featuredmedia":[{"embeddable":true,"href":"https:\/\/www.redenoticia.com.br\/noticia\/wp-json\/wp\/v2\/media\/38938"}],"wp:attachment":[{"href":"https:\/\/www.redenoticia.com.br\/noticia\/wp-json\/wp\/v2\/media?parent=98445"}],"wp:term":[{"taxonomy":"category","embeddable":true,"href":"https:\/\/www.redenoticia.com.br\/noticia\/wp-json\/wp\/v2\/categories?post=98445"},{"taxonomy":"post_tag","embeddable":true,"href":"https:\/\/www.redenoticia.com.br\/noticia\/wp-json\/wp\/v2\/tags?post=98445"}],"curies":[{"name":"wp","href":"https:\/\/api.w.org\/{rel}","templated":true}]}}