{"id":98443,"date":"2016-10-28T06:46:24","date_gmt":"2016-10-28T08:46:24","guid":{"rendered":"http:\/\/www.redenoticia.com.br\/noticia\/?p=98443"},"modified":"2016-10-27T15:47:26","modified_gmt":"2016-10-27T17:47:26","slug":"brasil-fechou-39-282-vagas-formais-em-setembro-diz-caged","status":"publish","type":"post","link":"https:\/\/www.redenoticia.com.br\/noticia\/2016\/brasil-fechou-39-282-vagas-formais-em-setembro-diz-caged\/98443","title":{"rendered":"Brasil fechou 39.282 vagas formais em setembro, diz Caged"},"content":{"rendered":"<p> Um total de 39.282 vagas formais foram fechadas no pa\u00eds em setembro, segundo dados do Cadastro Geral de Empregados e Desempregados (Caged), divulgados pelo Minist\u00e9rio do Trabalho. No entanto, o <strong><em>desemprego<\/em><\/strong> desacelerou ante setembro de 2015, quando foram fechados 95.602 postos formais. No acumulado do ano, o Caged contabiliza 683.597 vagas fechadas. Nos \u00faltimos 12 meses, j\u00e1 s\u00e3o 1,599 milh\u00e3o de postos de trabalho suprimidos.<\/p>\n<p> Os setores que tiveram as maiores perdas de vagas formais em setembro foram: constru\u00e7\u00e3o civil (menos 27.591 postos), servi\u00e7os (menos 15.141) e agricultura (menos 8.198).<\/p>\n<p>Segundo a pesquisa, dois setores tiveram saldo positivo de gera\u00e7\u00e3o de postos de trabalho no m\u00eas: a ind\u00fastria da transforma\u00e7\u00e3o, com cria\u00e7\u00e3o de 9.363 vagas e o com\u00e9rcio, com 3.940 novos postos. Os dois setores j\u00e1 haviam aberto novas vagas em agosto.<\/p>\n<p>As perdas mais significativas de vagas em setembro foram registradas no Rio (menos 23.521 vagas), S\u00e3o Paulo (- 21.853 postos) e Minas Gerais (- 16.238 postos). Por outro lado, as unidades da Federa\u00e7\u00e3o que mais geraram empregos foram Pernambuco (+15.721 vagas) e Alagoas (+13.395).<\/p>\n<p>Divulgado desde 1992, o Caged registra as contrata\u00e7\u00f5es e as demiss\u00f5es em empregos com carteira assinada com base em declara\u00e7\u00f5es enviadas pelos empregadores ao Minist\u00e9rio do Trabalho.<\/p>\n<p>Mariana Branco &#8211; Rep\u00f3rter da Ag\u00eancia Brasil<br \/>\nEdi\u00e7\u00e3o: Augusto Queiroz<br \/>\n28\/10\/2016<\/p>\n","protected":false},"excerpt":{"rendered":"<p>Um total de 39.282 vagas formais foram fechadas no pa\u00eds em setembro, segundo dados do Cadastro Geral de Empregados e Desempregados (Caged), divulgados pelo Minist\u00e9rio do Trabalho. No entanto, o desemprego desacelerou ante setembro de 2015, quando foram fechados 95.602 postos formais. No acumulado do ano, o Caged contabiliza 683.597 vagas fechadas. Nos \u00faltimos 12 [&hellip;]<\/p>\n","protected":false},"author":2,"featured_media":57585,"comment_status":"open","ping_status":"closed","sticky":false,"template":"","format":"standard","meta":{"_genesis_hide_title":false,"_genesis_hide_breadcrumbs":false,"_genesis_hide_singular_image":false,"_genesis_hide_footer_widgets":false,"_genesis_custom_body_class":"","_genesis_custom_post_class":"","_genesis_layout":"","_jetpack_memberships_contains_paid_content":false,"footnotes":""},"categories":[22,7],"tags":[],"class_list":{"0":"post-98443","1":"post","2":"type-post","3":"status-publish","4":"format-standard","5":"has-post-thumbnail","7":"category-brasil","8":"category-economia","9":"entry","10":"gs-1","11":"gs-odd","12":"gs-even","13":"gs-featured-content-entry"},"jetpack_featured_media_url":"https:\/\/www.redenoticia.com.br\/noticia\/imagens\/analise-economia.jpg","jetpack_sharing_enabled":true,"jetpack_likes_enabled":true,"_links":{"self":[{"href":"https:\/\/www.redenoticia.com.br\/noticia\/wp-json\/wp\/v2\/posts\/98443","targetHints":{"allow":["GET"]}}],"collection":[{"href":"https:\/\/www.redenoticia.com.br\/noticia\/wp-json\/wp\/v2\/posts"}],"about":[{"href":"https:\/\/www.redenoticia.com.br\/noticia\/wp-json\/wp\/v2\/types\/post"}],"author":[{"embeddable":true,"href":"https:\/\/www.redenoticia.com.br\/noticia\/wp-json\/wp\/v2\/users\/2"}],"replies":[{"embeddable":true,"href":"https:\/\/www.redenoticia.com.br\/noticia\/wp-json\/wp\/v2\/comments?post=98443"}],"version-history":[{"count":0,"href":"https:\/\/www.redenoticia.com.br\/noticia\/wp-json\/wp\/v2\/posts\/98443\/revisions"}],"wp:featuredmedia":[{"embeddable":true,"href":"https:\/\/www.redenoticia.com.br\/noticia\/wp-json\/wp\/v2\/media\/57585"}],"wp:attachment":[{"href":"https:\/\/www.redenoticia.com.br\/noticia\/wp-json\/wp\/v2\/media?parent=98443"}],"wp:term":[{"taxonomy":"category","embeddable":true,"href":"https:\/\/www.redenoticia.com.br\/noticia\/wp-json\/wp\/v2\/categories?post=98443"},{"taxonomy":"post_tag","embeddable":true,"href":"https:\/\/www.redenoticia.com.br\/noticia\/wp-json\/wp\/v2\/tags?post=98443"}],"curies":[{"name":"wp","href":"https:\/\/api.w.org\/{rel}","templated":true}]}}