{"id":98441,"date":"2016-10-28T06:45:33","date_gmt":"2016-10-28T08:45:33","guid":{"rendered":"http:\/\/www.redenoticia.com.br\/noticia\/?p=98441"},"modified":"2016-10-27T15:46:18","modified_gmt":"2016-10-27T17:46:18","slug":"tse-define-possiveis-datas-para-eleicoes-suplementares-em-2017","status":"publish","type":"post","link":"https:\/\/www.redenoticia.com.br\/noticia\/2016\/tse-define-possiveis-datas-para-eleicoes-suplementares-em-2017\/98441","title":{"rendered":"TSE define poss\u00edveis datas para elei\u00e7\u00f5es suplementares em 2017"},"content":{"rendered":"<p> O Tribunal Superior Eleitoral (TSE) informou que estabeleceu as datas em que poder\u00e3o ser realizadas as <strong><em>elei\u00e7\u00f5es suplementares<\/em><\/strong> no pr\u00f3ximo ano. A realiza\u00e7\u00e3o de novas elei\u00e7\u00f5es est\u00e1 prevista no C\u00f3digo Eleitoral.<\/p>\n<p> O TSE vem julgando os recursos apresentados por candidatos \u00e0s elei\u00e7\u00f5es municipais deste ano que tiveram o registro de candidatura negado por um juiz eleitoral. Contudo, uma resolu\u00e7\u00e3o do ano passado do tribunal permite que o candidato que teve seu registro negado, mas apresentou recurso, continue a fazer a campanha at\u00e9 que a a\u00e7\u00e3o seja julgada na inst\u00e2ncia superior.<\/p>\n<p>Caso o candidato que est\u00e1 recorrendo ao TSE tenha obtido o maior n\u00famero de votos na elei\u00e7\u00e3o e o seu recurso n\u00e3o seja aceito pelos ministros, novas elei\u00e7\u00f5es ser\u00e3o feitas no munic\u00edpio. A regra passou a valer depois da reforma eleitoral de 2015 que trouxe a modifica\u00e7\u00e3o para o C\u00f3digo Eleitoral.<\/p>\n<p>Nas localidades onde isso eventualmente acontecer, as novas elei\u00e7\u00f5es poder\u00e3o ser realizadas nos dias 15 de janeiro, 5 de fevereiro, 12 de mar\u00e7o, 2 de abril, 7 de maio, 4 de junho, 2 de julho, 6 de agosto, 3 de setembro, 1\u00ba de outubro, 12 de novembro e 3 de dezembro. As datas foram estabelecidas pela Portaria TSE n\u00ba 1078 que tem a data do dia 20 deste m\u00eas.<\/p>\n<p>Mich\u00e8lle Canes \u2013 Rep\u00f3rter da Ag\u00eancia Brasil<br \/>\nEdi\u00e7\u00e3o: Augusto Queiroz<br \/>\n28\/10\/2016<\/p>\n","protected":false},"excerpt":{"rendered":"<p>O Tribunal Superior Eleitoral (TSE) informou que estabeleceu as datas em que poder\u00e3o ser realizadas as elei\u00e7\u00f5es suplementares no pr\u00f3ximo ano. A realiza\u00e7\u00e3o de novas elei\u00e7\u00f5es est\u00e1 prevista no C\u00f3digo Eleitoral. O TSE vem julgando os recursos apresentados por candidatos \u00e0s elei\u00e7\u00f5es municipais deste ano que tiveram o registro de candidatura negado por um juiz [&hellip;]<\/p>\n","protected":false},"author":2,"featured_media":39956,"comment_status":"open","ping_status":"closed","sticky":false,"template":"","format":"standard","meta":{"_genesis_hide_title":false,"_genesis_hide_breadcrumbs":false,"_genesis_hide_singular_image":false,"_genesis_hide_footer_widgets":false,"_genesis_custom_body_class":"","_genesis_custom_post_class":"","_genesis_layout":"","_jetpack_memberships_contains_paid_content":false,"footnotes":""},"categories":[22],"tags":[],"class_list":{"0":"post-98441","1":"post","2":"type-post","3":"status-publish","4":"format-standard","5":"has-post-thumbnail","7":"category-brasil","8":"entry","9":"gs-1","10":"gs-odd","11":"gs-even","12":"gs-featured-content-entry"},"jetpack_featured_media_url":"https:\/\/www.redenoticia.com.br\/noticia\/imagens\/eleicao-voto-campanha-eleitoral-resultado.jpg","jetpack_sharing_enabled":true,"jetpack_likes_enabled":true,"_links":{"self":[{"href":"https:\/\/www.redenoticia.com.br\/noticia\/wp-json\/wp\/v2\/posts\/98441","targetHints":{"allow":["GET"]}}],"collection":[{"href":"https:\/\/www.redenoticia.com.br\/noticia\/wp-json\/wp\/v2\/posts"}],"about":[{"href":"https:\/\/www.redenoticia.com.br\/noticia\/wp-json\/wp\/v2\/types\/post"}],"author":[{"embeddable":true,"href":"https:\/\/www.redenoticia.com.br\/noticia\/wp-json\/wp\/v2\/users\/2"}],"replies":[{"embeddable":true,"href":"https:\/\/www.redenoticia.com.br\/noticia\/wp-json\/wp\/v2\/comments?post=98441"}],"version-history":[{"count":0,"href":"https:\/\/www.redenoticia.com.br\/noticia\/wp-json\/wp\/v2\/posts\/98441\/revisions"}],"wp:featuredmedia":[{"embeddable":true,"href":"https:\/\/www.redenoticia.com.br\/noticia\/wp-json\/wp\/v2\/media\/39956"}],"wp:attachment":[{"href":"https:\/\/www.redenoticia.com.br\/noticia\/wp-json\/wp\/v2\/media?parent=98441"}],"wp:term":[{"taxonomy":"category","embeddable":true,"href":"https:\/\/www.redenoticia.com.br\/noticia\/wp-json\/wp\/v2\/categories?post=98441"},{"taxonomy":"post_tag","embeddable":true,"href":"https:\/\/www.redenoticia.com.br\/noticia\/wp-json\/wp\/v2\/tags?post=98441"}],"curies":[{"name":"wp","href":"https:\/\/api.w.org\/{rel}","templated":true}]}}