{"id":98333,"date":"2016-10-27T06:16:42","date_gmt":"2016-10-27T08:16:42","guid":{"rendered":"http:\/\/www.redenoticia.com.br\/noticia\/?p=98333"},"modified":"2016-10-26T16:20:45","modified_gmt":"2016-10-26T18:20:45","slug":"desemprego-tem-pequena-alta-na-regiao-metropolitana-de-sao-paulo","status":"publish","type":"post","link":"https:\/\/www.redenoticia.com.br\/noticia\/2016\/desemprego-tem-pequena-alta-na-regiao-metropolitana-de-sao-paulo\/98333","title":{"rendered":"Desemprego tem pequena alta na regi\u00e3o metropolitana de S\u00e3o Paulo"},"content":{"rendered":"<p> A taxa de <strong><em>desemprego<\/em><\/strong> nos 39 munic\u00edpios que comp\u00f5em a regi\u00e3o metropolitana de S\u00e3o Paulo subiu de 17,2%, em agosto, para 17,5%, em setembro, segundo a Pesquisa de Emprego e Desemprego (PED) da Funda\u00e7\u00e3o Sistema Estadual de An\u00e1lise de Dados (Funda\u00e7\u00e3o Seade) e do Departamento Intersindical de Estat\u00edstica e Estudos Socioecon\u00f4micos (Dieese). Essa taxa foi a segunda mais alta do ano, ficando abaixo apenas das varia\u00e7\u00f5es apuradas em maio e junho, ambas com 17,6%.<\/p>\n<p>Comparado a igual m\u00eas do ano passado, a taxa ficou bem maior. Em setembro de 2015, havia 14,2% da Popula\u00e7\u00e3o Economicamente Ativa (PEA) desempregada.<\/p>\n<p> O levantamento de setembro 2016 aponta para um total estimado de 1,926 milh\u00e3o de desempregados e mostra que caiu tanto o n\u00famero de pessoas em disputa de uma vaga (-1,1%, somando 119 mil concorrentes a menos) quanto o saldo de postos de trabalho, com um corte de 1,4% equivalente a 131 mil demiss\u00f5es. O n\u00edvel de ocupa\u00e7\u00e3o apresentou um recuo de 1,4%.<\/p>\n<p>Na ind\u00fastria de transforma\u00e7\u00e3o, foram eliminados 37 mil postos de trabalho, com queda de 2,7% sobre agosto \u00faltimo; no com\u00e9rcio e repara\u00e7\u00e3o de ve\u00edculos automotores e motocicletas, houve um corte de 41 mil vagas com retra\u00e7\u00e3o de 2,6%; no segmento de servi\u00e7os, foram fechados mais 79 mil postos, com redu\u00e7\u00e3o de 1,4%. O setor da constru\u00e7\u00e3o civil foi o \u00fanico que ampliou as contrata\u00e7\u00f5es, com taxa de 3,1% e oferta de 18 mil novos empregos.<\/p>\n<p>Com o mercado de trabalho mais enxuto, tamb\u00e9m houve diminui\u00e7\u00e3o nos rendimentos brutos. Entre julho e agosto deste ano, os ocupados tiveram uma perda de 2,2%, passando a receber mensalmente R$ 1.948,00 e os assalariados estavam ganhando 1,8% a menos do que no trimestre encerrado em julho, o equivalente a R$ 2.018.<\/p>\n<p>Nos \u00faltimos 12 meses, o n\u00famero de desempregados aumentou em 345 mil pessoas com a elimina\u00e7\u00e3o de 469 mil postos de trabalho, o que representa uma queda de 4,9% enquanto a sa\u00edda de pessoas do mercado de trabalho atingiu 124 mil (-1,1%).<\/p>\n<p>Todos os setores reduziram as ofertas de emprego, sendo que a maior taxa foi constatada no segmentos de com\u00e9rcio e repara\u00e7\u00e3o de ve\u00edculos automotores e motocicletas (-12% com um corte de 214 mil vagas). Na ind\u00fastria de transforma\u00e7\u00e3o ocorreu uma redu\u00e7\u00e3o de 10,5% com uma queda de 154 mil postos; na constru\u00e7\u00e3o foram eliminados 61 mil empregos (-9,1%) e nos servi\u00e7os, ocorreu a menor diminui\u00e7\u00e3o (-0,6% correspondente ao fechamento de 35 mil postos).<\/p>\n<p>Marli Moreira &#8211; Rep\u00f3rter da Ag\u00eancia Brasil<br \/>\nEdi\u00e7\u00e3o: Augusto Queiroz<br \/>\n27\/10\/2016<\/p>\n","protected":false},"excerpt":{"rendered":"<p>A taxa de desemprego nos 39 munic\u00edpios que comp\u00f5em a regi\u00e3o metropolitana de S\u00e3o Paulo subiu de 17,2%, em agosto, para 17,5%, em setembro, segundo a Pesquisa de Emprego e Desemprego (PED) da Funda\u00e7\u00e3o Sistema Estadual de An\u00e1lise de Dados (Funda\u00e7\u00e3o Seade) e do Departamento Intersindical de Estat\u00edstica e Estudos Socioecon\u00f4micos (Dieese). Essa taxa foi [&hellip;]<\/p>\n","protected":false},"author":2,"featured_media":57585,"comment_status":"open","ping_status":"closed","sticky":false,"template":"","format":"standard","meta":{"_genesis_hide_title":false,"_genesis_hide_breadcrumbs":false,"_genesis_hide_singular_image":false,"_genesis_hide_footer_widgets":false,"_genesis_custom_body_class":"","_genesis_custom_post_class":"","_genesis_layout":"","_jetpack_memberships_contains_paid_content":false,"footnotes":""},"categories":[22,7],"tags":[],"class_list":{"0":"post-98333","1":"post","2":"type-post","3":"status-publish","4":"format-standard","5":"has-post-thumbnail","7":"category-brasil","8":"category-economia","9":"entry","10":"gs-1","11":"gs-odd","12":"gs-even","13":"gs-featured-content-entry"},"jetpack_featured_media_url":"https:\/\/www.redenoticia.com.br\/noticia\/imagens\/analise-economia.jpg","jetpack_sharing_enabled":true,"jetpack_likes_enabled":true,"_links":{"self":[{"href":"https:\/\/www.redenoticia.com.br\/noticia\/wp-json\/wp\/v2\/posts\/98333","targetHints":{"allow":["GET"]}}],"collection":[{"href":"https:\/\/www.redenoticia.com.br\/noticia\/wp-json\/wp\/v2\/posts"}],"about":[{"href":"https:\/\/www.redenoticia.com.br\/noticia\/wp-json\/wp\/v2\/types\/post"}],"author":[{"embeddable":true,"href":"https:\/\/www.redenoticia.com.br\/noticia\/wp-json\/wp\/v2\/users\/2"}],"replies":[{"embeddable":true,"href":"https:\/\/www.redenoticia.com.br\/noticia\/wp-json\/wp\/v2\/comments?post=98333"}],"version-history":[{"count":0,"href":"https:\/\/www.redenoticia.com.br\/noticia\/wp-json\/wp\/v2\/posts\/98333\/revisions"}],"wp:featuredmedia":[{"embeddable":true,"href":"https:\/\/www.redenoticia.com.br\/noticia\/wp-json\/wp\/v2\/media\/57585"}],"wp:attachment":[{"href":"https:\/\/www.redenoticia.com.br\/noticia\/wp-json\/wp\/v2\/media?parent=98333"}],"wp:term":[{"taxonomy":"category","embeddable":true,"href":"https:\/\/www.redenoticia.com.br\/noticia\/wp-json\/wp\/v2\/categories?post=98333"},{"taxonomy":"post_tag","embeddable":true,"href":"https:\/\/www.redenoticia.com.br\/noticia\/wp-json\/wp\/v2\/tags?post=98333"}],"curies":[{"name":"wp","href":"https:\/\/api.w.org\/{rel}","templated":true}]}}