{"id":98329,"date":"2016-10-27T06:13:16","date_gmt":"2016-10-27T08:13:16","guid":{"rendered":"http:\/\/www.redenoticia.com.br\/noticia\/?p=98329"},"modified":"2016-10-26T16:15:00","modified_gmt":"2016-10-26T18:15:00","slug":"intencao-de-consumo-das-familias-cresce-24-entre-setembro-e-outubro","status":"publish","type":"post","link":"https:\/\/www.redenoticia.com.br\/noticia\/2016\/intencao-de-consumo-das-familias-cresce-24-entre-setembro-e-outubro\/98329","title":{"rendered":"Inten\u00e7\u00e3o de Consumo das Fam\u00edlias cresce 2,4% entre setembro e outubro"},"content":{"rendered":"<p> A <strong><em>Inten\u00e7\u00e3o de Consumo<\/em><\/strong> das Fam\u00edlias (ICF) cresceu 2,4% na passagem de setembro para outubro deste ano, segundo a Confedera\u00e7\u00e3o Nacional do Com\u00e9rcio de Bens, Servi\u00e7os e Turismo (CNC). Esta \u00e9 a quarta alta consecutiva do indicador, que busca avaliar se os consumidores brasileiros t\u00eam inten\u00e7\u00e3o de consumir produtos e servi\u00e7os.<\/p>\n<p>Em rela\u00e7\u00e3o a outubro do ano passado, no entanto, houve queda de 5,7% do indicador, a 46a neste tipo de compara\u00e7\u00e3o.<\/p>\n<p>Na compara\u00e7\u00e3o com setembro deste ano, os sete componentes avaliados tiveram alta, com destaque para a perspectiva de consumo (7,9%), seguida pelo momento para a compra de bens dur\u00e1veis (3,4%). Os demais componentes tiveram os seguintes crescimentos: n\u00edvel de consumo atual (2,3%), compra a prazo (2,2%), renda atual (1,7%), perspectiva profissional (1,4%) e emprego atual (0,8%).<\/p>\n<p>Em rela\u00e7\u00e3o a outubro do ano passado, houve crescimento em apenas dois componentes: perspectiva profissional (0,8%) e perspectiva de consumo (0,7%). O n\u00edvel de consumo atual teve a maior queda entre os cinco componentes com desempenho negativo (-17,6%).<\/p>\n<p>Vitor Abdala \u2013 Rep\u00f3rter da Ag\u00eancia Brasil<br \/>\nEdi\u00e7\u00e3o: Gra\u00e7a Adjuto<br \/>\n27\/10\/2016<\/p>\n","protected":false},"excerpt":{"rendered":"<p>A Inten\u00e7\u00e3o de Consumo das Fam\u00edlias (ICF) cresceu 2,4% na passagem de setembro para outubro deste ano, segundo a Confedera\u00e7\u00e3o Nacional do Com\u00e9rcio de Bens, Servi\u00e7os e Turismo (CNC). Esta \u00e9 a quarta alta consecutiva do indicador, que busca avaliar se os consumidores brasileiros t\u00eam inten\u00e7\u00e3o de consumir produtos e servi\u00e7os. Em rela\u00e7\u00e3o a outubro [&hellip;]<\/p>\n","protected":false},"author":2,"featured_media":38938,"comment_status":"open","ping_status":"closed","sticky":false,"template":"","format":"standard","meta":{"_genesis_hide_title":false,"_genesis_hide_breadcrumbs":false,"_genesis_hide_singular_image":false,"_genesis_hide_footer_widgets":false,"_genesis_custom_body_class":"","_genesis_custom_post_class":"","_genesis_layout":"","_jetpack_memberships_contains_paid_content":false,"footnotes":""},"categories":[22,7],"tags":[],"class_list":{"0":"post-98329","1":"post","2":"type-post","3":"status-publish","4":"format-standard","5":"has-post-thumbnail","7":"category-brasil","8":"category-economia","9":"entry","10":"gs-1","11":"gs-odd","12":"gs-even","13":"gs-featured-content-entry"},"jetpack_featured_media_url":"https:\/\/www.redenoticia.com.br\/noticia\/imagens\/economia1.jpg","jetpack_sharing_enabled":true,"jetpack_likes_enabled":true,"_links":{"self":[{"href":"https:\/\/www.redenoticia.com.br\/noticia\/wp-json\/wp\/v2\/posts\/98329","targetHints":{"allow":["GET"]}}],"collection":[{"href":"https:\/\/www.redenoticia.com.br\/noticia\/wp-json\/wp\/v2\/posts"}],"about":[{"href":"https:\/\/www.redenoticia.com.br\/noticia\/wp-json\/wp\/v2\/types\/post"}],"author":[{"embeddable":true,"href":"https:\/\/www.redenoticia.com.br\/noticia\/wp-json\/wp\/v2\/users\/2"}],"replies":[{"embeddable":true,"href":"https:\/\/www.redenoticia.com.br\/noticia\/wp-json\/wp\/v2\/comments?post=98329"}],"version-history":[{"count":0,"href":"https:\/\/www.redenoticia.com.br\/noticia\/wp-json\/wp\/v2\/posts\/98329\/revisions"}],"wp:featuredmedia":[{"embeddable":true,"href":"https:\/\/www.redenoticia.com.br\/noticia\/wp-json\/wp\/v2\/media\/38938"}],"wp:attachment":[{"href":"https:\/\/www.redenoticia.com.br\/noticia\/wp-json\/wp\/v2\/media?parent=98329"}],"wp:term":[{"taxonomy":"category","embeddable":true,"href":"https:\/\/www.redenoticia.com.br\/noticia\/wp-json\/wp\/v2\/categories?post=98329"},{"taxonomy":"post_tag","embeddable":true,"href":"https:\/\/www.redenoticia.com.br\/noticia\/wp-json\/wp\/v2\/tags?post=98329"}],"curies":[{"name":"wp","href":"https:\/\/api.w.org\/{rel}","templated":true}]}}