{"id":98327,"date":"2016-10-27T06:10:45","date_gmt":"2016-10-27T08:10:45","guid":{"rendered":"http:\/\/www.redenoticia.com.br\/noticia\/?p=98327"},"modified":"2016-10-26T16:13:10","modified_gmt":"2016-10-26T18:13:10","slug":"inflacao-acelera-em-sao-paulo-diz-a-fipe","status":"publish","type":"post","link":"https:\/\/www.redenoticia.com.br\/noticia\/2016\/inflacao-acelera-em-sao-paulo-diz-a-fipe\/98327","title":{"rendered":"Infla\u00e7\u00e3o acelera em S\u00e3o Paulo, diz a Fipe"},"content":{"rendered":"<p> O \u00cdndice de Pre\u00e7os ao Consumidor (IPC), medido pela Funda\u00e7\u00e3o Instituto de Pesquisas Econ\u00f4micas (Fipe) na cidade de S\u00e3o Paulo, acelerou na terceira quadrissemana ao passar de 0,02% para 0,18%. O avan\u00e7o foi puxado, principalmente, por tr\u00eas dos sete grupos pesquisados: transportes (de 0,50% para 0,57%), despesas pessoais (de 0,28% para 0,64%) e habita\u00e7\u00e3o (de 0,06% para 0,15%).<\/p>\n<p>Al\u00e9m disso, o grupo alimenta\u00e7\u00e3o voltou a apresentar recuo m\u00e9dio menos expressivo (de -0,88% para -0,52%). Na primeira pr\u00e9via do m\u00eas, os pre\u00e7os dos itens aliment\u00edcios tinham ca\u00eddo em m\u00e9dia 1,02%. Entre os produtos que mais subiram est\u00e3o a carne bovina (m\u00e9dia de 2,63%) e os derivados do leite (0,92%).<\/p>\n<p>Em compensa\u00e7\u00e3o, no grupo sa\u00fade os pre\u00e7os permaneceram est\u00e1veis em 0,7% . Tamb\u00e9m n\u00e3o houve altera\u00e7\u00e3o significativa no grupo educa\u00e7\u00e3o (de 0,9% para 0,08%) e, em vestu\u00e1rio, os aumentos mais uma vez perderam for\u00e7a. Nesta classe de despesa, a varia\u00e7\u00e3o alcan\u00e7ou 0,63% ante uma alta de 1,15%, na segunda pr\u00e9via do m\u00eas.<\/p>\n<p>Marli Moreira &#8211; Rep\u00f3rter da Ag\u00eancia Brasil<br \/>\nEdi\u00e7\u00e3o: Kleber Sampaio<br \/>\n27\/10\/2016<\/p>\n","protected":false},"excerpt":{"rendered":"<p>O \u00cdndice de Pre\u00e7os ao Consumidor (IPC), medido pela Funda\u00e7\u00e3o Instituto de Pesquisas Econ\u00f4micas (Fipe) na cidade de S\u00e3o Paulo, acelerou na terceira quadrissemana ao passar de 0,02% para 0,18%. O avan\u00e7o foi puxado, principalmente, por tr\u00eas dos sete grupos pesquisados: transportes (de 0,50% para 0,57%), despesas pessoais (de 0,28% para 0,64%) e habita\u00e7\u00e3o (de [&hellip;]<\/p>\n","protected":false},"author":2,"featured_media":57584,"comment_status":"open","ping_status":"closed","sticky":false,"template":"","format":"standard","meta":{"_genesis_hide_title":false,"_genesis_hide_breadcrumbs":false,"_genesis_hide_singular_image":false,"_genesis_hide_footer_widgets":false,"_genesis_custom_body_class":"","_genesis_custom_post_class":"","_genesis_layout":"","_jetpack_memberships_contains_paid_content":false,"footnotes":""},"categories":[22,7],"tags":[],"class_list":{"0":"post-98327","1":"post","2":"type-post","3":"status-publish","4":"format-standard","5":"has-post-thumbnail","7":"category-brasil","8":"category-economia","9":"entry","10":"gs-1","11":"gs-odd","12":"gs-even","13":"gs-featured-content-entry"},"jetpack_featured_media_url":"https:\/\/www.redenoticia.com.br\/noticia\/imagens\/economia-grafica-analise-inflacao.jpg","jetpack_sharing_enabled":true,"jetpack_likes_enabled":true,"_links":{"self":[{"href":"https:\/\/www.redenoticia.com.br\/noticia\/wp-json\/wp\/v2\/posts\/98327","targetHints":{"allow":["GET"]}}],"collection":[{"href":"https:\/\/www.redenoticia.com.br\/noticia\/wp-json\/wp\/v2\/posts"}],"about":[{"href":"https:\/\/www.redenoticia.com.br\/noticia\/wp-json\/wp\/v2\/types\/post"}],"author":[{"embeddable":true,"href":"https:\/\/www.redenoticia.com.br\/noticia\/wp-json\/wp\/v2\/users\/2"}],"replies":[{"embeddable":true,"href":"https:\/\/www.redenoticia.com.br\/noticia\/wp-json\/wp\/v2\/comments?post=98327"}],"version-history":[{"count":0,"href":"https:\/\/www.redenoticia.com.br\/noticia\/wp-json\/wp\/v2\/posts\/98327\/revisions"}],"wp:featuredmedia":[{"embeddable":true,"href":"https:\/\/www.redenoticia.com.br\/noticia\/wp-json\/wp\/v2\/media\/57584"}],"wp:attachment":[{"href":"https:\/\/www.redenoticia.com.br\/noticia\/wp-json\/wp\/v2\/media?parent=98327"}],"wp:term":[{"taxonomy":"category","embeddable":true,"href":"https:\/\/www.redenoticia.com.br\/noticia\/wp-json\/wp\/v2\/categories?post=98327"},{"taxonomy":"post_tag","embeddable":true,"href":"https:\/\/www.redenoticia.com.br\/noticia\/wp-json\/wp\/v2\/tags?post=98327"}],"curies":[{"name":"wp","href":"https:\/\/api.w.org\/{rel}","templated":true}]}}