{"id":98166,"date":"2016-10-26T06:44:12","date_gmt":"2016-10-26T08:44:12","guid":{"rendered":"http:\/\/www.redenoticia.com.br\/noticia\/?p=98166"},"modified":"2016-10-25T14:45:18","modified_gmt":"2016-10-25T16:45:18","slug":"contas-externas-tem-deficit-de-us-465-milhoes-em-setembro","status":"publish","type":"post","link":"https:\/\/www.redenoticia.com.br\/noticia\/2016\/contas-externas-tem-deficit-de-us-465-milhoes-em-setembro\/98166","title":{"rendered":"Contas externas t\u00eam d\u00e9ficit de US$ 465 milh\u00f5es em setembro"},"content":{"rendered":"<p> As <strong><em>contas externas<\/em><\/strong> fecharam o m\u00eas de setembro com d\u00e9ficit de US$ 465 milh\u00f5es, segundo dados do Banco Central (BC) divulgados em Bras\u00edlia. O saldo negativo das transa\u00e7\u00f5es correntes &#8211; as compras e vendas de mercadorias e servi\u00e7os e transfer\u00eancias de renda do pa\u00eds com o mundo \u2013 \u00e9 bem menor do que o registrado em igual m\u00eas de 2015, quando ficou em US$ 3,050 bilh\u00f5es. O resultado de setembro foi o melhor para o m\u00eas desde 2007, quando ficou positivo em US$ 482 milh\u00f5es.<\/p>\n<p>De janeiro a setembro deste ano, o d\u00e9ficit ficou em US$ 13,582 bilh\u00f5es, contra US$ 49,214 bilh\u00f5es no mesmo per\u00edodo de 2015. Esse foi menor resultado para o per\u00edodo desde 2007, quando houve super\u00e1vit de US$ 2,7 bilh\u00f5es.<\/p>\n<p>No balan\u00e7o das transa\u00e7\u00f5es correntes, a conta de renda prim\u00e1ria (lucros e dividendos, pagamentos de juros e sal\u00e1rios) apresentou saldo negativo de US$ 1,656 bilh\u00e3o, em setembro.<\/p>\n<p>A conta de servi\u00e7os (viagens internacionais, transportes, aluguel de equipamentos, seguros, entre outros) contribuiu para o resultado negativo com US$ 2,602 bilh\u00f5es.<\/p>\n<p>A conta de renda secund\u00e1ria (gerada em uma economia e distribu\u00edda para outra, como doa\u00e7\u00f5es e remessas de d\u00f3lares, sem contrapartida de servi\u00e7os ou bens) acusou resultado positivo de US$ 190 milh\u00f5es.<\/p>\n<p>D\u00e9ficit das contas externas \u00e9 reduzido<\/p>\n<p>A balan\u00e7a comercial contribuiu para reduzir o d\u00e9ficit das contas externas ao apresentar super\u00e1vit de US$ 3,603 bilh\u00f5es.<\/p>\n<p>O chefe do Departamento Econ\u00f4mico do BC, Tulio Maciel, destacou que a redu\u00e7\u00e3o do d\u00e9ficit em transa\u00e7\u00f5es correntes tem influ\u00eancia do maior saldo da balan\u00e7a comercial e na redu\u00e7\u00e3o das remessas de lucros e dividendos do Brasil para o exterior. \u201cObservamos ao longo do ano retra\u00e7\u00e3o da atividade econ\u00f4mica em 20016 a exemplo do que foi em 2015. Isso significa rentabilidade menor para as empresas e portanto lucros menores remetidos. De certa maneira, a balan\u00e7a comercial tamb\u00e9m \u00e9 influenciada por esse fator. Enquanto n\u00e3o se observa uma rea\u00e7\u00e3o mas n\u00edtida na atividade econ\u00f4mica, n\u00e3o vemos uma rea\u00e7\u00e3o correspondente da importa\u00e7\u00e3o. Sem d\u00favidas quando houver uma tra\u00e7\u00e3o da atividade econ\u00f4mica, isso ir\u00e1 se refletir tamb\u00e9m nos resultados de transa\u00e7\u00f5es correntes\u201d, disse Maciel.<\/p>\n<p>Maciel tamb\u00e9m destacou o impacto do c\u00e2mbio nas contas externas. Ele destacou que o d\u00f3lar iniciou o ano em cerca de R$ 4 e agora est\u00e1 em torno de R$ 3,15.<\/p>\n<p>Financiamento do d\u00e9ficit<\/p>\n<p>Quando o pa\u00eds tem d\u00e9ficit nas contas externas \u00e9 preciso financiar esse resultado negativo com investimentos estrangeiros ou tomar dinheiro emprestado no exterior. O investimento direto no pa\u00eds (IDP), recursos que entram no Brasil e v\u00e3o para o setor produtivo da economia, \u00e9 considerado a melhor forma de financiar por ser de longo prazo.<\/p>\n<p>No m\u00eas passado, o IDP chegou a US$ 5,233 bilh\u00f5es e foi mais do que suficiente para cobrir todo o d\u00e9ficit em transa\u00e7\u00f5es correntes. De janeiro a setembro, esses investimentos somaram US$ 46,335 bilh\u00f5es.<\/p>\n<p>Em setembro, o pa\u00eds tamb\u00e9m registrou entrada de investimento em a\u00e7\u00f5es negociadas em bolsas de valores no Brasil e no exterior e em fundos de investimento no total de US$ 113 milh\u00f5es. Nos nove meses do ano, houve entrada de US$ 7,535 bilh\u00f5es. Houve sa\u00edda l\u00edquida de investimento em t\u00edtulos negociados no pa\u00eds de US$ 3,368 bilh\u00f5es, no m\u00eas passado, e de US$ 18,920 bilh\u00f5es, de janeiro a setembro de 2016.<\/p>\n<p>Kelly Oliveira &#8211; Rep\u00f3rter da Ag\u00eancia Brasil<br \/>\nEdi\u00e7\u00e3o: Kleber Sampaio<br \/>\n26\/10\/2016 <\/p>\n","protected":false},"excerpt":{"rendered":"<p>As contas externas fecharam o m\u00eas de setembro com d\u00e9ficit de US$ 465 milh\u00f5es, segundo dados do Banco Central (BC) divulgados em Bras\u00edlia. O saldo negativo das transa\u00e7\u00f5es correntes &#8211; as compras e vendas de mercadorias e servi\u00e7os e transfer\u00eancias de renda do pa\u00eds com o mundo \u2013 \u00e9 bem menor do que o registrado [&hellip;]<\/p>\n","protected":false},"author":2,"featured_media":57583,"comment_status":"open","ping_status":"closed","sticky":false,"template":"","format":"standard","meta":{"_genesis_hide_title":false,"_genesis_hide_breadcrumbs":false,"_genesis_hide_singular_image":false,"_genesis_hide_footer_widgets":false,"_genesis_custom_body_class":"","_genesis_custom_post_class":"","_genesis_layout":"","_jetpack_memberships_contains_paid_content":false,"footnotes":""},"categories":[22,7],"tags":[],"class_list":{"0":"post-98166","1":"post","2":"type-post","3":"status-publish","4":"format-standard","5":"has-post-thumbnail","7":"category-brasil","8":"category-economia","9":"entry","10":"gs-1","11":"gs-odd","12":"gs-even","13":"gs-featured-content-entry"},"jetpack_featured_media_url":"https:\/\/www.redenoticia.com.br\/noticia\/imagens\/economia-grafico.jpg","jetpack_sharing_enabled":true,"jetpack_likes_enabled":true,"_links":{"self":[{"href":"https:\/\/www.redenoticia.com.br\/noticia\/wp-json\/wp\/v2\/posts\/98166","targetHints":{"allow":["GET"]}}],"collection":[{"href":"https:\/\/www.redenoticia.com.br\/noticia\/wp-json\/wp\/v2\/posts"}],"about":[{"href":"https:\/\/www.redenoticia.com.br\/noticia\/wp-json\/wp\/v2\/types\/post"}],"author":[{"embeddable":true,"href":"https:\/\/www.redenoticia.com.br\/noticia\/wp-json\/wp\/v2\/users\/2"}],"replies":[{"embeddable":true,"href":"https:\/\/www.redenoticia.com.br\/noticia\/wp-json\/wp\/v2\/comments?post=98166"}],"version-history":[{"count":0,"href":"https:\/\/www.redenoticia.com.br\/noticia\/wp-json\/wp\/v2\/posts\/98166\/revisions"}],"wp:featuredmedia":[{"embeddable":true,"href":"https:\/\/www.redenoticia.com.br\/noticia\/wp-json\/wp\/v2\/media\/57583"}],"wp:attachment":[{"href":"https:\/\/www.redenoticia.com.br\/noticia\/wp-json\/wp\/v2\/media?parent=98166"}],"wp:term":[{"taxonomy":"category","embeddable":true,"href":"https:\/\/www.redenoticia.com.br\/noticia\/wp-json\/wp\/v2\/categories?post=98166"},{"taxonomy":"post_tag","embeddable":true,"href":"https:\/\/www.redenoticia.com.br\/noticia\/wp-json\/wp\/v2\/tags?post=98166"}],"curies":[{"name":"wp","href":"https:\/\/api.w.org\/{rel}","templated":true}]}}