{"id":98164,"date":"2016-10-26T06:42:52","date_gmt":"2016-10-26T08:42:52","guid":{"rendered":"http:\/\/www.redenoticia.com.br\/noticia\/?p=98164"},"modified":"2016-10-25T14:44:07","modified_gmt":"2016-10-25T16:44:07","slug":"gastos-de-brasileiros-no-exterior-crescem-27-e-atingem-us-1294-bilhao","status":"publish","type":"post","link":"https:\/\/www.redenoticia.com.br\/noticia\/2016\/gastos-de-brasileiros-no-exterior-crescem-27-e-atingem-us-1294-bilhao\/98164","title":{"rendered":"Gastos de brasileiros no exterior crescem 2,7% e atingem US$ 1,294 bilh\u00e3o"},"content":{"rendered":"<p> Os <strong><em>gastos de brasileiros no exterior<\/em><\/strong> cresceram pelo segundo m\u00eas seguido, segundo dados do Banco Central (BC), divulgados em Bras\u00edlia. Em setembro, as despesas chegaram a US$ 1,294 bilh\u00e3o, com crescimento de 2,7% em rela\u00e7\u00e3o ao igual m\u00eas de 2015 (US$ 1,260 bilh\u00e3o).<\/p>\n<p>Em agosto, nessa compara\u00e7\u00e3o anual, os gastos aumentaram 2,3%, com registro de expans\u00e3o pela primeira vez desde janeiro de 2015.<\/p>\n<p>\u201cAparentemente estamos iniciando nova tend\u00eancia de crescimento nas despesas de viagens internacionais\u201d, afirmou o chefe do Departamento Econ\u00f4mico do BC, Tulio Maciel.<\/p>\n<p>Segundo Maciel, os dados parciais deste m\u00eas fortalecem essa tend\u00eancia. Em outubro, at\u00e9 o dia 21, as despesas chegaram a US$ 1,045 bilh\u00e3o. Se os gastos continuarem nesse ritmo, as despesas v\u00e3o crescer cerca de 50% neste m\u00eas comparado a outubro de 2015.<\/p>\n<p>Maciel destacou que um dos motivos que explicam essa tend\u00eancia \u00e9 que as despesas est\u00e3o em patamar historicamente baixo. \u201cSe olhar em 12 meses, a despesa l\u00edquida [descontada as receitas de estrangeiros no Brasil] est\u00e1 em US$ 16,7 bilh\u00f5es. Isso j\u00e1 foi US$ 26 bilh\u00f5es em setembro de 2014\u201d, disse. Outro fator \u00e9 a rea\u00e7\u00e3o dos indicadores de confian\u00e7a dos consumidores, al\u00e9m da taxa de c\u00e2mbio que chegou a R$ 4 no in\u00edcio do ano e agora est\u00e1 em torno de R$ 3,15.<\/p>\n<p>Nos nove meses do ano, ainda h\u00e1 redu\u00e7\u00e3o dessas despesas. De janeiro a setembro, essas despesas somaram US$ 10,480 bilh\u00f5es, com queda de 25,88% em rela\u00e7\u00e3o a igual per\u00edodo de 2015 (US$ 14,139 bilh\u00f5es).<\/p>\n<p>D\u00e9ficit<\/p>\n<p>As receitas de estrangeiros no Brasil ficaram em US$ 443 milh\u00f5es em setembro, e em US$ 4,667 bilh\u00f5es de janeiro a setembro.<\/p>\n<p>Com esses resultados de despesas e receitas, a conta de viagens fechou setembro com d\u00e9ficit de US$ 851 milh\u00f5es, um aumento de 9,95% em rela\u00e7\u00e3o igual m\u00eas de 2015. De janeiro a setembro, o d\u00e9ficit chegou a US$ 5,814 bilh\u00f5es, aumento de 40,71% comparado ao mesmo per\u00edodo do ano passado.<\/p>\n<p>Kelly Oliveira &#8211; Rep\u00f3rter da Ag\u00eancia Brasil<br \/>\nEdi\u00e7\u00e3o: Kleber Sampaio<br \/>\n26\/10\/2016<\/p>\n","protected":false},"excerpt":{"rendered":"<p>Os gastos de brasileiros no exterior cresceram pelo segundo m\u00eas seguido, segundo dados do Banco Central (BC), divulgados em Bras\u00edlia. Em setembro, as despesas chegaram a US$ 1,294 bilh\u00e3o, com crescimento de 2,7% em rela\u00e7\u00e3o ao igual m\u00eas de 2015 (US$ 1,260 bilh\u00e3o). Em agosto, nessa compara\u00e7\u00e3o anual, os gastos aumentaram 2,3%, com registro de [&hellip;]<\/p>\n","protected":false},"author":2,"featured_media":57585,"comment_status":"open","ping_status":"closed","sticky":false,"template":"","format":"standard","meta":{"_genesis_hide_title":false,"_genesis_hide_breadcrumbs":false,"_genesis_hide_singular_image":false,"_genesis_hide_footer_widgets":false,"_genesis_custom_body_class":"","_genesis_custom_post_class":"","_genesis_layout":"","_jetpack_memberships_contains_paid_content":false,"footnotes":""},"categories":[22,7],"tags":[],"class_list":{"0":"post-98164","1":"post","2":"type-post","3":"status-publish","4":"format-standard","5":"has-post-thumbnail","7":"category-brasil","8":"category-economia","9":"entry","10":"gs-1","11":"gs-odd","12":"gs-even","13":"gs-featured-content-entry"},"jetpack_featured_media_url":"https:\/\/www.redenoticia.com.br\/noticia\/imagens\/analise-economia.jpg","jetpack_sharing_enabled":true,"jetpack_likes_enabled":true,"_links":{"self":[{"href":"https:\/\/www.redenoticia.com.br\/noticia\/wp-json\/wp\/v2\/posts\/98164","targetHints":{"allow":["GET"]}}],"collection":[{"href":"https:\/\/www.redenoticia.com.br\/noticia\/wp-json\/wp\/v2\/posts"}],"about":[{"href":"https:\/\/www.redenoticia.com.br\/noticia\/wp-json\/wp\/v2\/types\/post"}],"author":[{"embeddable":true,"href":"https:\/\/www.redenoticia.com.br\/noticia\/wp-json\/wp\/v2\/users\/2"}],"replies":[{"embeddable":true,"href":"https:\/\/www.redenoticia.com.br\/noticia\/wp-json\/wp\/v2\/comments?post=98164"}],"version-history":[{"count":0,"href":"https:\/\/www.redenoticia.com.br\/noticia\/wp-json\/wp\/v2\/posts\/98164\/revisions"}],"wp:featuredmedia":[{"embeddable":true,"href":"https:\/\/www.redenoticia.com.br\/noticia\/wp-json\/wp\/v2\/media\/57585"}],"wp:attachment":[{"href":"https:\/\/www.redenoticia.com.br\/noticia\/wp-json\/wp\/v2\/media?parent=98164"}],"wp:term":[{"taxonomy":"category","embeddable":true,"href":"https:\/\/www.redenoticia.com.br\/noticia\/wp-json\/wp\/v2\/categories?post=98164"},{"taxonomy":"post_tag","embeddable":true,"href":"https:\/\/www.redenoticia.com.br\/noticia\/wp-json\/wp\/v2\/tags?post=98164"}],"curies":[{"name":"wp","href":"https:\/\/api.w.org\/{rel}","templated":true}]}}