{"id":98162,"date":"2016-10-26T06:41:57","date_gmt":"2016-10-26T08:41:57","guid":{"rendered":"http:\/\/www.redenoticia.com.br\/noticia\/?p=98162"},"modified":"2016-10-25T14:42:47","modified_gmt":"2016-10-25T16:42:47","slug":"bc-diz-que-convergencia-da-inflacao-para-a-meta-e-compativel-com-queda-da-selic","status":"publish","type":"post","link":"https:\/\/www.redenoticia.com.br\/noticia\/2016\/bc-diz-que-convergencia-da-inflacao-para-a-meta-e-compativel-com-queda-da-selic\/98162","title":{"rendered":"BC diz que converg\u00eancia da infla\u00e7\u00e3o para a meta \u00e9 compat\u00edvel com queda da Selic"},"content":{"rendered":"<p> O ritmo de redu\u00e7\u00e3o da taxa b\u00e1sica de juros, a Selic, ser\u00e1 calibrado, levando em conta o objetivo de atingir a meta de <strong><em>infla\u00e7\u00e3o<\/em><\/strong> de 4,5% em 2017 e 2018. A informa\u00e7\u00e3o consta da ata da \u00faltima reuni\u00e3o do Comit\u00ea de Pol\u00edtica Monet\u00e1ria (Copom) do Banco Central (BC), divulgada em Bras\u00edlia. Na semana passada, o comit\u00ea decidiu iniciar o ciclo de redu\u00e7\u00e3o da taxa b\u00e1sica de juros, a Selic, que caiu de 14,25% para 14% ao ano.<\/p>\n<p>No documento de hoje, o BC reafirmou o seu objetivo de conduzir a pol\u00edtica monet\u00e1ria para atingir a meta nos pr\u00f3ximos dois anos.<\/p>\n<p>Para o Copom, atualmente n\u00e3o h\u00e1 incompatibilidade entre redu\u00e7\u00e3o da Selic e meta de infla\u00e7\u00e3o. \u201cO Comit\u00ea entende que a converg\u00eancia da infla\u00e7\u00e3o para a meta em 2017 e 2018 \u00e9 compat\u00edvel com uma flexibiliza\u00e7\u00e3o moderada e gradual das condi\u00e7\u00f5es monet\u00e1rias. O Comit\u00ea avaliar\u00e1 o ritmo e a magnitude da flexibiliza\u00e7\u00e3o monet\u00e1ria ao longo do tempo, de modo a garantir a converg\u00eancia da infla\u00e7\u00e3o para a meta de 4,5%\u201d, destacou o BC.<\/p>\n<p>O comit\u00ea informou ainda que a intensifica\u00e7\u00e3o dos cortes na Selic depende da \u201cevolu\u00e7\u00e3o favor\u00e1vel\u201d de fatores que permitam maior confian\u00e7a no alcance da meta de infla\u00e7\u00e3o. O BC espera, por exemplo, que os componentes do \u00cdndice Nacional de Pre\u00e7os ao Consumidor Amplo (IPCA) &#8211; mais sens\u00edveis \u00e0 pol\u00edtica monet\u00e1ria (defini\u00e7\u00e3o da Selic) e \u00e0 atividade econ\u00f4mica &#8211; \u201cretomem claramente uma trajet\u00f3ria de desinfla\u00e7\u00e3o em velocidade adequada.<\/p>\n<p>Ajuste fiscal s\u00e3o necess\u00e1rios<\/p>\n<p>Outro fator citado pelo Copom s\u00e3o os \u201cajustes necess\u00e1rios na economia\u201d. Para o comit\u00ea, \u00e9 preciso que o ritmo de aprova\u00e7\u00e3o e a implementa\u00e7\u00e3o da reforma fiscal contribuam para uma din\u00e2mica inflacion\u00e1ria compat\u00edvel com a converg\u00eancia da infla\u00e7\u00e3o para a meta. \u201cO comit\u00ea avaliar\u00e1 a evolu\u00e7\u00e3o da combina\u00e7\u00e3o desses fatores\u201d, disse no documento.<\/p>\n<p>Para o comit\u00ea, condicionar a evolu\u00e7\u00e3o futura da Selic a fatores relevantes para a infla\u00e7\u00e3o \u201ctransmite, de maneira mais adequada, a racionalidade econ\u00f4mica que guia as suas decis\u00f5es\u201d.<\/p>\n<p>O Copom avalia que houve avan\u00e7o nos esfor\u00e7os de aprova\u00e7\u00e3o e implementa\u00e7\u00e3o nos ajustes na economia, notadamente as reformas fiscais. Para a diretoria do BC, esses esfor\u00e7os s\u00e3o fundamentais para a estabiliza\u00e7\u00e3o e o desenvolvimento da economia brasileira.<\/p>\n<p>\u201cO comit\u00ea deve acompanhar atentamente esses esfor\u00e7os, uma vez que h\u00e1 reflexos importantes no processo de desinfla\u00e7\u00e3o. H\u00e1 consenso no comit\u00ea de que a velocidade no processo de aprecia\u00e7\u00e3o das propostas de ajustes tem excedido as expectativas\u201d, disse. O comit\u00ea diz ainda que essas medidas impactam n\u00e3o somente a demanda da economia, mas tamb\u00e9m a percep\u00e7\u00e3o de melhora da din\u00e2mica das contas p\u00fablicas no m\u00e9dio e longo prazos.<\/p>\n<p>Infla\u00e7\u00e3o de servi\u00e7os<\/p>\n<p>Na ata, o Copom pondera que h\u00e1 sinais de uma pausa recente no processo de desinfla\u00e7\u00e3o do setor de servi\u00e7os. Para o comit\u00ea, essa pausa \u201cse d\u00e1 em n\u00edveis cuja manuten\u00e7\u00e3o produziria trajet\u00f3ria de desinfla\u00e7\u00e3o em velocidade aqu\u00e9m\u201d da esperada. Dessa forma, o comit\u00ea ressalta que \u00e9 necess\u00e1rio monitorar esse segmento.<\/p>\n<p>Proje\u00e7\u00f5es para infla\u00e7\u00e3o<\/p>\n<p>Na ata, o comit\u00ea diz que as suas proje\u00e7\u00f5es e as do mercado recuaram e est\u00e3o em torno de 7%.<\/p>\n<p>As proje\u00e7\u00f5es para os pre\u00e7os administrados por contrato ou monitorados foram mantidas em 6,2% em 2016, 5,8% no pr\u00f3ximo ano e 5,1% em 2018.<\/p>\n<p>Entretanto, o Copom disse que uma s\u00e9rie de fatores pode produzir mudan\u00e7as nas proje\u00e7\u00f5es para os pre\u00e7os administrados. Um desses fatores foi a redu\u00e7\u00e3o dos pre\u00e7os de combust\u00edveis.<\/p>\n<p>O comit\u00ea cita tamb\u00e9m evid\u00eancias de redu\u00e7\u00f5es de pre\u00e7os de energia el\u00e9trica mais fortes que o esperado em algumas regi\u00f5es e a possibilidade de adiamento de reajustes de pre\u00e7os de transporte urbano em algumas cidades. Por outro lado, o Copom disse que h\u00e1 risco de reajustes acima do esperado nos pre\u00e7os da energia el\u00e9trica ao longo de 2017 em decorr\u00eancia, entre outros fatores, de mudan\u00e7a de bandeira tarif\u00e1ria.<\/p>\n<p>Kelly Oliveira &#8211; Rep\u00f3rter da Ag\u00eancia Brasil<br \/>\nEdi\u00e7\u00e3o: Kleber Sampaio<br \/>\n26\/10\/2016<\/p>\n","protected":false},"excerpt":{"rendered":"<p>O ritmo de redu\u00e7\u00e3o da taxa b\u00e1sica de juros, a Selic, ser\u00e1 calibrado, levando em conta o objetivo de atingir a meta de infla\u00e7\u00e3o de 4,5% em 2017 e 2018. A informa\u00e7\u00e3o consta da ata da \u00faltima reuni\u00e3o do Comit\u00ea de Pol\u00edtica Monet\u00e1ria (Copom) do Banco Central (BC), divulgada em Bras\u00edlia. Na semana passada, o [&hellip;]<\/p>\n","protected":false},"author":2,"featured_media":57584,"comment_status":"open","ping_status":"closed","sticky":false,"template":"","format":"standard","meta":{"_genesis_hide_title":false,"_genesis_hide_breadcrumbs":false,"_genesis_hide_singular_image":false,"_genesis_hide_footer_widgets":false,"_genesis_custom_body_class":"","_genesis_custom_post_class":"","_genesis_layout":"","_jetpack_memberships_contains_paid_content":false,"footnotes":""},"categories":[22,7],"tags":[],"class_list":{"0":"post-98162","1":"post","2":"type-post","3":"status-publish","4":"format-standard","5":"has-post-thumbnail","7":"category-brasil","8":"category-economia","9":"entry","10":"gs-1","11":"gs-odd","12":"gs-even","13":"gs-featured-content-entry"},"jetpack_featured_media_url":"https:\/\/www.redenoticia.com.br\/noticia\/imagens\/economia-grafica-analise-inflacao.jpg","jetpack_sharing_enabled":true,"jetpack_likes_enabled":true,"_links":{"self":[{"href":"https:\/\/www.redenoticia.com.br\/noticia\/wp-json\/wp\/v2\/posts\/98162","targetHints":{"allow":["GET"]}}],"collection":[{"href":"https:\/\/www.redenoticia.com.br\/noticia\/wp-json\/wp\/v2\/posts"}],"about":[{"href":"https:\/\/www.redenoticia.com.br\/noticia\/wp-json\/wp\/v2\/types\/post"}],"author":[{"embeddable":true,"href":"https:\/\/www.redenoticia.com.br\/noticia\/wp-json\/wp\/v2\/users\/2"}],"replies":[{"embeddable":true,"href":"https:\/\/www.redenoticia.com.br\/noticia\/wp-json\/wp\/v2\/comments?post=98162"}],"version-history":[{"count":0,"href":"https:\/\/www.redenoticia.com.br\/noticia\/wp-json\/wp\/v2\/posts\/98162\/revisions"}],"wp:featuredmedia":[{"embeddable":true,"href":"https:\/\/www.redenoticia.com.br\/noticia\/wp-json\/wp\/v2\/media\/57584"}],"wp:attachment":[{"href":"https:\/\/www.redenoticia.com.br\/noticia\/wp-json\/wp\/v2\/media?parent=98162"}],"wp:term":[{"taxonomy":"category","embeddable":true,"href":"https:\/\/www.redenoticia.com.br\/noticia\/wp-json\/wp\/v2\/categories?post=98162"},{"taxonomy":"post_tag","embeddable":true,"href":"https:\/\/www.redenoticia.com.br\/noticia\/wp-json\/wp\/v2\/tags?post=98162"}],"curies":[{"name":"wp","href":"https:\/\/api.w.org\/{rel}","templated":true}]}}