{"id":98160,"date":"2016-10-26T06:40:54","date_gmt":"2016-10-26T08:40:54","guid":{"rendered":"http:\/\/www.redenoticia.com.br\/noticia\/?p=98160"},"modified":"2016-10-25T14:41:52","modified_gmt":"2016-10-25T16:41:52","slug":"industria-da-construcao-enfrenta-pessimismo-e-setor-desaquecido-diz-pesquisa","status":"publish","type":"post","link":"https:\/\/www.redenoticia.com.br\/noticia\/2016\/industria-da-construcao-enfrenta-pessimismo-e-setor-desaquecido-diz-pesquisa\/98160","title":{"rendered":"Ind\u00fastria da constru\u00e7\u00e3o enfrenta pessimismo e setor desaquecido, diz pesquisa"},"content":{"rendered":"<p> Uma pesquisa divulgada pela Confedera\u00e7\u00e3o Nacional da Ind\u00fastria (CNI) mostra que a <strong><em>ind\u00fastria da constru\u00e7\u00e3o<\/em><\/strong> ainda n\u00e3o reagiu \u00e0s primeiras medidas econ\u00f4micas do governo Michel Temer. A pesquisa aponta empres\u00e1rios pessimistas e n\u00edvel de emprego sem melhoras em rela\u00e7\u00e3o aos meses anteriores.<\/p>\n<p>Em uma escala de 0 a 100, em que qualquer n\u00famero abaixo de 50 representa uma queda, o n\u00famero de empregados em setembro chegou a 39,7 pontos, um valor semelhante a agosto. J\u00e1 o \u00edndice de atividade da ind\u00fastria \u00e9 considerado est\u00e1vel, com 41,5 pontos. Em julho, esse n\u00famero era 0,8 pontos maior, caiu 0,5 pontos em agosto e mais 0,3 em setembro.<\/p>\n<p>Os empres\u00e1rios do setor se mostram pessimistas em rela\u00e7\u00e3o aos pr\u00f3ximos seis meses. Em setembro, todos os \u00edndices de expectativas mantiveram-se abaixo de 50 pontos. As expectativas do n\u00edvel de atividade, da abertura de novos empreendimentos, da compra de insumos e em rela\u00e7\u00e3o ao n\u00famero de empregados apresentaram ligeira queda.<\/p>\n<p>A situa\u00e7\u00e3o econ\u00f4mica do pa\u00eds se reflete em queda no consumo, e o setor da constru\u00e7\u00e3o vem sentindo o impacto da redu\u00e7\u00e3o de demanda. E \u00e9 justamente a demanda interna insuficiente o principal problema apontado pela ind\u00fastria no terceiro trimestre, seguido da taxa de juros elevadas e da alta carga tribut\u00e1ria.<\/p>\n<p>Esperan\u00e7as de melhora<\/p>\n<p>Apesar do cen\u00e1rio negativo no setor, a pesquisa mostra uma ligeira melhora no acesso ao cr\u00e9dito, ainda que continue em uma perspectiva negativa. Em uma escala de 0 a 100, onde qualquer n\u00famero abaixo de 50 representa dificuldade no acesso ao cr\u00e9dito, e facilidade acima de 50, o indicador do terceiro trimestre mostrou melhora de 1,7 pontos em rela\u00e7\u00e3o ao per\u00edodo anterior. A tend\u00eancia de alta vem desde o primeiro trimestre do ano, que apontava 23,1 pontos, chegou a 26,3 no segundo trimestre e agora marca 28 pontos.<\/p>\n<p>Outro n\u00famero que ainda est\u00e1 baixo, mas vem reagindo lentamente, \u00e9 a disposi\u00e7\u00e3o de empres\u00e1rios em investir. O \u00edndice de inten\u00e7\u00e3o de investimento aumentou para 28,8 pontos em outubro de 2016, saindo de 26,9 em setembro. A pesquisa, no entanto, alerta sobre a rea\u00e7\u00e3o ainda fr\u00e1gil e cautelosa. \u201cA inten\u00e7\u00e3o segue baixa: a queda do n\u00edvel de atividade, o baixo uso da capacidade de opera\u00e7\u00e3o e as expectativas ainda pessimistas desestimulam os empres\u00e1rios a investir\u201d, diz a publica\u00e7\u00e3o.<\/p>\n<p>O economista da CNI, Marcelo Azevedo, lembra que a pesquisa foi feita antes da \u00faltima reuni\u00e3o do Comit\u00ea de Pol\u00edtica Monet\u00e1ria (Copom), que baixou em 0,25 pontos percentuais a taxa Selic. Segundo ele, a medida \u00e9 importante para uma melhora no setor. &#8220;A pesquisa foi feita antes do an\u00fancio da redu\u00e7\u00e3o da taxa de juros b\u00e1sica, a Selic. A queda dos juros \u00e9 importante para a recupera\u00e7\u00e3o da constru\u00e7\u00e3o, porque ajudar\u00e1 a melhorar a situa\u00e7\u00e3o financeira das empresas e estimular\u00e1 a demanda do setor&#8221;, avalia. A pesquisa Sondagem Ind\u00fastria da Constru\u00e7\u00e3o, da CNI, pode ser acessada neste link.<\/p>\n<p>Marcelo Brand\u00e3o &#8211; Rep\u00f3rter da Ag\u00eancia Brasil<br \/>\nEdi\u00e7\u00e3o: Amanda Cieglinski<br \/>\n26\/10\/2016<\/p>\n","protected":false},"excerpt":{"rendered":"<p>Uma pesquisa divulgada pela Confedera\u00e7\u00e3o Nacional da Ind\u00fastria (CNI) mostra que a ind\u00fastria da constru\u00e7\u00e3o ainda n\u00e3o reagiu \u00e0s primeiras medidas econ\u00f4micas do governo Michel Temer. A pesquisa aponta empres\u00e1rios pessimistas e n\u00edvel de emprego sem melhoras em rela\u00e7\u00e3o aos meses anteriores. Em uma escala de 0 a 100, em que qualquer n\u00famero abaixo de [&hellip;]<\/p>\n","protected":false},"author":2,"featured_media":38938,"comment_status":"open","ping_status":"closed","sticky":false,"template":"","format":"standard","meta":{"_genesis_hide_title":false,"_genesis_hide_breadcrumbs":false,"_genesis_hide_singular_image":false,"_genesis_hide_footer_widgets":false,"_genesis_custom_body_class":"","_genesis_custom_post_class":"","_genesis_layout":"","_jetpack_memberships_contains_paid_content":false,"footnotes":""},"categories":[22,7],"tags":[],"class_list":{"0":"post-98160","1":"post","2":"type-post","3":"status-publish","4":"format-standard","5":"has-post-thumbnail","7":"category-brasil","8":"category-economia","9":"entry","10":"gs-1","11":"gs-odd","12":"gs-even","13":"gs-featured-content-entry"},"jetpack_featured_media_url":"https:\/\/www.redenoticia.com.br\/noticia\/imagens\/economia1.jpg","jetpack_sharing_enabled":true,"jetpack_likes_enabled":true,"_links":{"self":[{"href":"https:\/\/www.redenoticia.com.br\/noticia\/wp-json\/wp\/v2\/posts\/98160","targetHints":{"allow":["GET"]}}],"collection":[{"href":"https:\/\/www.redenoticia.com.br\/noticia\/wp-json\/wp\/v2\/posts"}],"about":[{"href":"https:\/\/www.redenoticia.com.br\/noticia\/wp-json\/wp\/v2\/types\/post"}],"author":[{"embeddable":true,"href":"https:\/\/www.redenoticia.com.br\/noticia\/wp-json\/wp\/v2\/users\/2"}],"replies":[{"embeddable":true,"href":"https:\/\/www.redenoticia.com.br\/noticia\/wp-json\/wp\/v2\/comments?post=98160"}],"version-history":[{"count":0,"href":"https:\/\/www.redenoticia.com.br\/noticia\/wp-json\/wp\/v2\/posts\/98160\/revisions"}],"wp:featuredmedia":[{"embeddable":true,"href":"https:\/\/www.redenoticia.com.br\/noticia\/wp-json\/wp\/v2\/media\/38938"}],"wp:attachment":[{"href":"https:\/\/www.redenoticia.com.br\/noticia\/wp-json\/wp\/v2\/media?parent=98160"}],"wp:term":[{"taxonomy":"category","embeddable":true,"href":"https:\/\/www.redenoticia.com.br\/noticia\/wp-json\/wp\/v2\/categories?post=98160"},{"taxonomy":"post_tag","embeddable":true,"href":"https:\/\/www.redenoticia.com.br\/noticia\/wp-json\/wp\/v2\/tags?post=98160"}],"curies":[{"name":"wp","href":"https:\/\/api.w.org\/{rel}","templated":true}]}}