{"id":98140,"date":"2016-10-25T06:20:52","date_gmt":"2016-10-25T08:20:52","guid":{"rendered":"http:\/\/www.redenoticia.com.br\/noticia\/?p=98140"},"modified":"2016-10-24T17:21:39","modified_gmt":"2016-10-24T19:21:39","slug":"mercado-financeiro-projeta-inflacao-menor-este-ano-689","status":"publish","type":"post","link":"https:\/\/www.redenoticia.com.br\/noticia\/2016\/mercado-financeiro-projeta-inflacao-menor-este-ano-689\/98140","title":{"rendered":"Mercado financeiro projeta infla\u00e7\u00e3o menor este ano: 6,89%"},"content":{"rendered":"<p> Institui\u00e7\u00f5es financeiras consultadas pelo Banco Central (BC) esperam uma <strong><em>infla\u00e7\u00e3o<\/em><\/strong> menor neste ano e em 2017. De acordo com a pesquisa Focus, divulgada toda segunda-feira pelo BC, a infla\u00e7\u00e3o, medida pelo \u00cdndice Nacional de Pre\u00e7os ao Consumidor Amplo (IPCA), vai fechar este ano em 6,89%, no sexto ajuste seguido. Na semana passada, a estimativa era 7,01%.<\/p>\n<p>Para 2017, a estimativa foi ajustada de 5,04% para 5%. Essa foi a terceira redu\u00e7\u00e3o consecutiva. As proje\u00e7\u00f5es ultrapassam o centro da meta que \u00e9 4,5%. O teto da meta \u00e9 6,5%, este ano, e 6% em 2017.<\/p>\n<p>A proje\u00e7\u00e3o de institui\u00e7\u00f5es financeiras para a queda da economia (Produto Interno Bruto &#8211; PIB) este ano, passou pela terceira piora seguida, ao ser ajustada de 3,19% para 3,22%. Para 2017, a expectativa de crescimento foi reduzida de 1,30% para 1,23%.<\/p>\n<p>Taxa Selic pode cair para 13,50%<\/p>\n<p>Com a expectativa de retra\u00e7\u00e3o da economia e infla\u00e7\u00e3o menor, as institui\u00e7\u00f5es financeiras esperam que a taxa b\u00e1sica de juros, a Selic, encerre 2017 em 13,50%. Na semana passada, o Comit\u00ea de Pol\u00edtica Monet\u00e1ria (Copom) do BC reduziu a Selic de 14,25% para 14% ao ano. A \u00faltima reuni\u00e3o do Copom deste ano est\u00e1 marcada para o final de novembro. Ou seja, o mercado espera por um corte de 0,5 ponto percentual na Selic ainda neste ano.<\/p>\n<p>Para as institui\u00e7\u00f5es financeiras, o BC dar\u00e1 continuidade ao ciclo de redu\u00e7\u00e3o da Selic no pr\u00f3ximo ano. A expectativa \u00e9 que a taxa b\u00e1sica termine 2017 em 11% ao ano.<\/p>\n<p>A taxa \u00e9 usada nas negocia\u00e7\u00f5es de t\u00edtulos p\u00fablicos no Sistema Especial de Liquida\u00e7\u00e3o e Cust\u00f3dia (Selic) e serve como refer\u00eancia para as demais taxas de juros da economia. Ao reajust\u00e1-la para cima, o BC cont\u00e9m o excesso de demanda que pressiona os pre\u00e7os, porque os juros mais altos encarecem o cr\u00e9dito e estimulam a poupan\u00e7a. Quando reduz os juros b\u00e1sicos, o Copom barateia o cr\u00e9dito e incentiva a produ\u00e7\u00e3o e o consumo, mas alivia o controle sobre a infla\u00e7\u00e3o.<\/p>\n<p>Kelly Oliveira &#8211; Rep\u00f3rter da Ag\u00eancia Brasil<br \/>\nEdi\u00e7\u00e3o: Kleber Sampaio<br \/>\n25\/10\/2016<\/p>\n","protected":false},"excerpt":{"rendered":"<p>Institui\u00e7\u00f5es financeiras consultadas pelo Banco Central (BC) esperam uma infla\u00e7\u00e3o menor neste ano e em 2017. De acordo com a pesquisa Focus, divulgada toda segunda-feira pelo BC, a infla\u00e7\u00e3o, medida pelo \u00cdndice Nacional de Pre\u00e7os ao Consumidor Amplo (IPCA), vai fechar este ano em 6,89%, no sexto ajuste seguido. Na semana passada, a estimativa era [&hellip;]<\/p>\n","protected":false},"author":2,"featured_media":57584,"comment_status":"open","ping_status":"closed","sticky":false,"template":"","format":"standard","meta":{"_genesis_hide_title":false,"_genesis_hide_breadcrumbs":false,"_genesis_hide_singular_image":false,"_genesis_hide_footer_widgets":false,"_genesis_custom_body_class":"","_genesis_custom_post_class":"","_genesis_layout":"","_jetpack_memberships_contains_paid_content":false,"footnotes":""},"categories":[22,7],"tags":[],"class_list":{"0":"post-98140","1":"post","2":"type-post","3":"status-publish","4":"format-standard","5":"has-post-thumbnail","7":"category-brasil","8":"category-economia","9":"entry","10":"gs-1","11":"gs-odd","12":"gs-even","13":"gs-featured-content-entry"},"jetpack_featured_media_url":"https:\/\/www.redenoticia.com.br\/noticia\/imagens\/economia-grafica-analise-inflacao.jpg","jetpack_sharing_enabled":true,"jetpack_likes_enabled":true,"_links":{"self":[{"href":"https:\/\/www.redenoticia.com.br\/noticia\/wp-json\/wp\/v2\/posts\/98140","targetHints":{"allow":["GET"]}}],"collection":[{"href":"https:\/\/www.redenoticia.com.br\/noticia\/wp-json\/wp\/v2\/posts"}],"about":[{"href":"https:\/\/www.redenoticia.com.br\/noticia\/wp-json\/wp\/v2\/types\/post"}],"author":[{"embeddable":true,"href":"https:\/\/www.redenoticia.com.br\/noticia\/wp-json\/wp\/v2\/users\/2"}],"replies":[{"embeddable":true,"href":"https:\/\/www.redenoticia.com.br\/noticia\/wp-json\/wp\/v2\/comments?post=98140"}],"version-history":[{"count":0,"href":"https:\/\/www.redenoticia.com.br\/noticia\/wp-json\/wp\/v2\/posts\/98140\/revisions"}],"wp:featuredmedia":[{"embeddable":true,"href":"https:\/\/www.redenoticia.com.br\/noticia\/wp-json\/wp\/v2\/media\/57584"}],"wp:attachment":[{"href":"https:\/\/www.redenoticia.com.br\/noticia\/wp-json\/wp\/v2\/media?parent=98140"}],"wp:term":[{"taxonomy":"category","embeddable":true,"href":"https:\/\/www.redenoticia.com.br\/noticia\/wp-json\/wp\/v2\/categories?post=98140"},{"taxonomy":"post_tag","embeddable":true,"href":"https:\/\/www.redenoticia.com.br\/noticia\/wp-json\/wp\/v2\/tags?post=98140"}],"curies":[{"name":"wp","href":"https:\/\/api.w.org\/{rel}","templated":true}]}}