{"id":98136,"date":"2016-10-25T06:19:10","date_gmt":"2016-10-25T08:19:10","guid":{"rendered":"http:\/\/www.redenoticia.com.br\/noticia\/?p=98136"},"modified":"2016-10-24T17:19:51","modified_gmt":"2016-10-24T19:19:51","slug":"fiscalizacao-garante-contratacao-de-mais-de-83-mil-aprendizes-este-ano-no-pais","status":"publish","type":"post","link":"https:\/\/www.redenoticia.com.br\/noticia\/2016\/fiscalizacao-garante-contratacao-de-mais-de-83-mil-aprendizes-este-ano-no-pais\/98136","title":{"rendered":"Fiscaliza\u00e7\u00e3o garante contrata\u00e7\u00e3o de mais de 83 mil aprendizes este ano no pa\u00eds"},"content":{"rendered":"<p> De janeiro a setembro de 2016 foram inseridos no <strong><em>mercado de trabalho<\/em><\/strong> 83.646 aprendizes entre 14 e 24 anos em todo o Brasil, gra\u00e7as a a\u00e7\u00f5es de fiscaliza\u00e7\u00e3o da Secretaria de Inspe\u00e7\u00e3o do Minist\u00e9rio do Trabalho (SIT). Segundo o \u00f3rg\u00e3o, a faixa et\u00e1ria com maior coloca\u00e7\u00e3o foi a de 16 a 18 anos, com 49,7 mil aprendizes contratados. Com os resultados, j\u00e1 foram alcan\u00e7adas 66% da meta de fiscaliza\u00e7\u00e3o prevista para a SIT este ano na inser\u00e7\u00e3o de jovens na Aprendizagem Profissional.<\/p>\n<p> Os auditores do Trabalho fiscalizam o cumprimento da Lei da Aprendizagem, observando se as empresas de m\u00e9dio e grande porte mant\u00eam, como funcion\u00e1rios, jovens de 14 a 24 anos na modalidade Aprendiz. A cota de aprendizes est\u00e1 fixada entre 5% e 15% do total de empregados cujas fun\u00e7\u00f5es demandem forma\u00e7\u00e3o profissional. As empresas que contratam aprendizes recebem incentivos fiscais e tribut\u00e1rios. De acordo o Cadastro Geral de Empregados e Desempregados (Caged), nos primeiros seis meses deste ano 205 mil aprendizes foram contratados no pa\u00eds.<\/p>\n<p>Em 10 estados brasileiros, a meta da fiscaliza\u00e7\u00e3o da SIT superou 100% da expectativa. O Esp\u00edrito Santo se destacou com 4.581 jovens no programa de aprendizado, alcan\u00e7ando 215% da meta proposta. No Cear\u00e1 tamb\u00e9m houve um bom resultado, com 4.560 aprendizes, 130% da meta. Os estados de Minas Gerais &#8211; onde foram contratados 15.736 aprendizes &#8211;  Rio de Janeiro, com 12 mil jovens nas empresas, tamb\u00e9m superaram em mais de 100% a meta.<\/p>\n<p>A secret\u00e1ria de Inspe\u00e7\u00e3o do Trabalho, Maria Teresa Jensen, observou que os n\u00fameros demonstram que a fiscaliza\u00e7\u00e3o do Trabalho tem cumprido um papel social importante. Ela fez um apelo para que as empresas n\u00e3o encarem a contrata\u00e7\u00e3o de aprendizes como um mero dever legal, \u201cmas como uma possibilidade de ter jovens preparados para o mercado de trabalho e como um grande beneficio social\u201d.<\/p>\n<p>Da Ag\u00eancia Brasil<br \/>\nEdi\u00e7\u00e3o: Augusto Queiroz<br \/>\n25\/10\/2016<\/p>\n","protected":false},"excerpt":{"rendered":"<p>De janeiro a setembro de 2016 foram inseridos no mercado de trabalho 83.646 aprendizes entre 14 e 24 anos em todo o Brasil, gra\u00e7as a a\u00e7\u00f5es de fiscaliza\u00e7\u00e3o da Secretaria de Inspe\u00e7\u00e3o do Minist\u00e9rio do Trabalho (SIT). Segundo o \u00f3rg\u00e3o, a faixa et\u00e1ria com maior coloca\u00e7\u00e3o foi a de 16 a 18 anos, com 49,7 [&hellip;]<\/p>\n","protected":false},"author":2,"featured_media":57585,"comment_status":"open","ping_status":"closed","sticky":false,"template":"","format":"standard","meta":{"_genesis_hide_title":false,"_genesis_hide_breadcrumbs":false,"_genesis_hide_singular_image":false,"_genesis_hide_footer_widgets":false,"_genesis_custom_body_class":"","_genesis_custom_post_class":"","_genesis_layout":"","_jetpack_memberships_contains_paid_content":false,"footnotes":""},"categories":[22,7],"tags":[],"class_list":{"0":"post-98136","1":"post","2":"type-post","3":"status-publish","4":"format-standard","5":"has-post-thumbnail","7":"category-brasil","8":"category-economia","9":"entry","10":"gs-1","11":"gs-odd","12":"gs-even","13":"gs-featured-content-entry"},"jetpack_featured_media_url":"https:\/\/www.redenoticia.com.br\/noticia\/imagens\/analise-economia.jpg","jetpack_sharing_enabled":true,"jetpack_likes_enabled":true,"_links":{"self":[{"href":"https:\/\/www.redenoticia.com.br\/noticia\/wp-json\/wp\/v2\/posts\/98136","targetHints":{"allow":["GET"]}}],"collection":[{"href":"https:\/\/www.redenoticia.com.br\/noticia\/wp-json\/wp\/v2\/posts"}],"about":[{"href":"https:\/\/www.redenoticia.com.br\/noticia\/wp-json\/wp\/v2\/types\/post"}],"author":[{"embeddable":true,"href":"https:\/\/www.redenoticia.com.br\/noticia\/wp-json\/wp\/v2\/users\/2"}],"replies":[{"embeddable":true,"href":"https:\/\/www.redenoticia.com.br\/noticia\/wp-json\/wp\/v2\/comments?post=98136"}],"version-history":[{"count":0,"href":"https:\/\/www.redenoticia.com.br\/noticia\/wp-json\/wp\/v2\/posts\/98136\/revisions"}],"wp:featuredmedia":[{"embeddable":true,"href":"https:\/\/www.redenoticia.com.br\/noticia\/wp-json\/wp\/v2\/media\/57585"}],"wp:attachment":[{"href":"https:\/\/www.redenoticia.com.br\/noticia\/wp-json\/wp\/v2\/media?parent=98136"}],"wp:term":[{"taxonomy":"category","embeddable":true,"href":"https:\/\/www.redenoticia.com.br\/noticia\/wp-json\/wp\/v2\/categories?post=98136"},{"taxonomy":"post_tag","embeddable":true,"href":"https:\/\/www.redenoticia.com.br\/noticia\/wp-json\/wp\/v2\/tags?post=98136"}],"curies":[{"name":"wp","href":"https:\/\/api.w.org\/{rel}","templated":true}]}}