{"id":98132,"date":"2016-10-25T06:17:17","date_gmt":"2016-10-25T08:17:17","guid":{"rendered":"http:\/\/www.redenoticia.com.br\/noticia\/?p=98132"},"modified":"2016-10-24T17:18:14","modified_gmt":"2016-10-24T19:18:14","slug":"raios-veja-como-se-proteger-nas-chuvas-de-verao","status":"publish","type":"post","link":"https:\/\/www.redenoticia.com.br\/noticia\/2016\/raios-veja-como-se-proteger-nas-chuvas-de-verao\/98132","title":{"rendered":"Raios: veja como se proteger nas chuvas de ver\u00e3o"},"content":{"rendered":"<p> Com a chegada do ver\u00e3o, s\u00e3o comuns dias com chuvas de curta e grande intensidade, acompanhadas por trovoadas, <strong><em>raios e rajadas de vento<\/em><\/strong>. Por isso, \u00e9 importante redobrar a aten\u00e7\u00e3o e se proteger dos raios, j\u00e1 que a descarga el\u00e9trica corresponde a cerca de mil vezes a intensidade de um chuveiro el\u00e9trico.<\/p>\n<p>O Portal do Governo do Estado de S\u00e3o Paulo entrevistou o Capit\u00e3o Rudyard Panzarini Paiva, que deu importantes recomenda\u00e7\u00f5es. Ele alerta que se n\u00e3o for poss\u00edvel se abrigar em local fechado no momento dos raios, a pessoa deve diminuir a incid\u00eancia em rela\u00e7\u00e3o a nuvem, ou seja, &#8220;agache, evite de ficar em p\u00e9, ficar deitado, evite de usar correntes douradas e met\u00e1licas, diminuindo assim a exposi\u00e7\u00e3o aos raios&#8221;, disse.<\/p>\n<p>Confira tamb\u00e9m as orienta\u00e7\u00f5es da Defesa Civil do Estado de S\u00e3o Paulo para se proteger dos raios durante as tempestades:<\/p>\n<p>&#8211; Evite lugares abertos, como estacionamentos, praias e campos de futebol;<\/p>\n<p>&#8211; Abrigue-se em casa, edif\u00edcio ou em instala\u00e7\u00e3o subterr\u00e2nea como metr\u00f4;<\/p>\n<p>&#8211; N\u00e3o permane\u00e7a em rio, mar, lago ou piscina;<\/p>\n<p>&#8211; Se estiver no carro, mantenha os vidros fechados, sem contato com as partes met\u00e1licas do ve\u00edculo;<\/p>\n<p>&#8211; Caso n\u00e3o encontre um abrigo por perto, fique agachado com os p\u00e9s juntos, curvado para frente, colocando as m\u00e3os nos joelhos e a cabe\u00e7a entre eles at\u00e9 a tempestade passar;<\/p>\n<p>&#8211; Mantenha dist\u00e2ncia de objetos altos e isolados, como \u00e1rvores, postes, quiosques, caixas d\u2019\u00e1gua, bem como de objetos met\u00e1licos grandes e expostos, como tratores, escadas e cercas de arame;<\/p>\n<p>&#8211; Evite soltar pipas, carregar objetos, como canos e varas de pesca e andar de bicicleta, motocicleta ou a cavalo;<\/p>\n<p>&#8211; Mantenha dist\u00e2ncia de aparelhos e objetos ligados \u00e0 rede el\u00e9trica, como TVs, geladeiras e fog\u00f5es;<\/p>\n<p>&#8211; Evite o uso de telefone, a menos que seja sem fio ou celular;<\/p>\n<p>&#8211; Fique afastado de janelas, tomadas, torneiras e canos el\u00e9tricos;<\/p>\n<p>&#8211; Evite tomar banho durante a tempestade.<\/p>\n<p>Do Portal do Governo do Estado SP<\/p>\n","protected":false},"excerpt":{"rendered":"<p>Com a chegada do ver\u00e3o, s\u00e3o comuns dias com chuvas de curta e grande intensidade, acompanhadas por trovoadas, raios e rajadas de vento. Por isso, \u00e9 importante redobrar a aten\u00e7\u00e3o e se proteger dos raios, j\u00e1 que a descarga el\u00e9trica corresponde a cerca de mil vezes a intensidade de um chuveiro el\u00e9trico. O Portal do [&hellip;]<\/p>\n","protected":false},"author":2,"featured_media":21112,"comment_status":"open","ping_status":"closed","sticky":false,"template":"","format":"standard","meta":{"_genesis_hide_title":false,"_genesis_hide_breadcrumbs":false,"_genesis_hide_singular_image":false,"_genesis_hide_footer_widgets":false,"_genesis_custom_body_class":"","_genesis_custom_post_class":"","_genesis_layout":"","_jetpack_memberships_contains_paid_content":false,"footnotes":""},"categories":[22],"tags":[],"class_list":{"0":"post-98132","1":"post","2":"type-post","3":"status-publish","4":"format-standard","5":"has-post-thumbnail","7":"category-brasil","8":"entry","9":"gs-1","10":"gs-odd","11":"gs-even","12":"gs-featured-content-entry"},"jetpack_featured_media_url":"https:\/\/www.redenoticia.com.br\/noticia\/imagens\/previsao-tempo-chuva-forte.jpg","jetpack_sharing_enabled":true,"jetpack_likes_enabled":true,"_links":{"self":[{"href":"https:\/\/www.redenoticia.com.br\/noticia\/wp-json\/wp\/v2\/posts\/98132","targetHints":{"allow":["GET"]}}],"collection":[{"href":"https:\/\/www.redenoticia.com.br\/noticia\/wp-json\/wp\/v2\/posts"}],"about":[{"href":"https:\/\/www.redenoticia.com.br\/noticia\/wp-json\/wp\/v2\/types\/post"}],"author":[{"embeddable":true,"href":"https:\/\/www.redenoticia.com.br\/noticia\/wp-json\/wp\/v2\/users\/2"}],"replies":[{"embeddable":true,"href":"https:\/\/www.redenoticia.com.br\/noticia\/wp-json\/wp\/v2\/comments?post=98132"}],"version-history":[{"count":0,"href":"https:\/\/www.redenoticia.com.br\/noticia\/wp-json\/wp\/v2\/posts\/98132\/revisions"}],"wp:featuredmedia":[{"embeddable":true,"href":"https:\/\/www.redenoticia.com.br\/noticia\/wp-json\/wp\/v2\/media\/21112"}],"wp:attachment":[{"href":"https:\/\/www.redenoticia.com.br\/noticia\/wp-json\/wp\/v2\/media?parent=98132"}],"wp:term":[{"taxonomy":"category","embeddable":true,"href":"https:\/\/www.redenoticia.com.br\/noticia\/wp-json\/wp\/v2\/categories?post=98132"},{"taxonomy":"post_tag","embeddable":true,"href":"https:\/\/www.redenoticia.com.br\/noticia\/wp-json\/wp\/v2\/tags?post=98132"}],"curies":[{"name":"wp","href":"https:\/\/api.w.org\/{rel}","templated":true}]}}