{"id":97952,"date":"2016-10-24T06:08:55","date_gmt":"2016-10-24T08:08:55","guid":{"rendered":"http:\/\/www.redenoticia.com.br\/noticia\/?p=97952"},"modified":"2016-10-21T14:59:21","modified_gmt":"2016-10-21T16:59:21","slug":"ibge-previa-da-inflacao-oficial-em-outubro-e-a-menor-para-o-mes-desde-2009","status":"publish","type":"post","link":"https:\/\/www.redenoticia.com.br\/noticia\/2016\/ibge-previa-da-inflacao-oficial-em-outubro-e-a-menor-para-o-mes-desde-2009\/97952","title":{"rendered":"IBGE: Pr\u00e9via da infla\u00e7\u00e3o oficial em outubro \u00e9 a menor para o m\u00eas desde 2009"},"content":{"rendered":"<p> Em todo o pa\u00eds, a <strong><em>pr\u00e9via da infla\u00e7\u00e3o oficial<\/em><\/strong>, medida pelo \u00cdndice Nacional de Pre\u00e7os ao Consumidor Amplo 15 (IPCA-15), ficou em 0,19% em outubro deste ano. A taxa \u00e9 menor que a registrada em setembro (0,23%) e \u00e9 a mais baixa para o m\u00eas de outubro desde de 2009 (0,18%). Os dados foram divulgados pelo Instituto Brasileiro de Geografia e Estat\u00edstica (IBGE).<\/p>\n<p>O IPCA-15 acumula 6,11% no ano, bem abaixo dos 8,49% registrados no mesmo per\u00edodo de 2015. Em 12 meses, o acumulado chega a 8,27%, abaixo dos 8,78% dos 12 meses imediatamente anteriores.<\/p>\n<p>Alimentos mais baratos<\/p>\n<p>A queda da taxa de infla\u00e7\u00e3o entre setembro e outubro foi provocada principalmente pela defla\u00e7\u00e3o (queda de pre\u00e7os) de 0,25% dos alimentos na pr\u00e9via de outubro. Em setembro, esse grupo de despesas havia apresentado defla\u00e7\u00e3o de apenas 0,01%.<\/p>\n<p>Entre os produtos aliment\u00edcios que ficaram mais baratos em outubro est\u00e3o o leite longa vida (-8,49%), a batata-inglesa (-13,03%), hortali\u00e7as (-6,18%) e feij\u00e3o-carioa (-6,17%).<\/p>\n<p>Os artigos de resid\u00eancia tamb\u00e9m tiveram defla\u00e7\u00e3o (-0,31%). O mesmo aconteceu com as despesas pessoais (-0,12%).<\/p>\n<p>O item transportes, com alta de pre\u00e7os de 0,67% em outubro, foi o grupo de despesas que mais contribuiu para evitar uma queda maior da infla\u00e7\u00e3o na pr\u00e9via do m\u00eas.<\/p>\n<p>Vitor Abdala \u2013 Rep\u00f3rter da Ag\u00eancia Brasil<br \/>\nEdi\u00e7\u00e3o: Kleber Sampaio<br \/>\n24\/10\/2016 <\/p>\n","protected":false},"excerpt":{"rendered":"<p>Em todo o pa\u00eds, a pr\u00e9via da infla\u00e7\u00e3o oficial, medida pelo \u00cdndice Nacional de Pre\u00e7os ao Consumidor Amplo 15 (IPCA-15), ficou em 0,19% em outubro deste ano. A taxa \u00e9 menor que a registrada em setembro (0,23%) e \u00e9 a mais baixa para o m\u00eas de outubro desde de 2009 (0,18%). Os dados foram divulgados [&hellip;]<\/p>\n","protected":false},"author":2,"featured_media":57584,"comment_status":"open","ping_status":"closed","sticky":false,"template":"","format":"standard","meta":{"_genesis_hide_title":false,"_genesis_hide_breadcrumbs":false,"_genesis_hide_singular_image":false,"_genesis_hide_footer_widgets":false,"_genesis_custom_body_class":"","_genesis_custom_post_class":"","_genesis_layout":"","_jetpack_memberships_contains_paid_content":false,"footnotes":""},"categories":[22,7],"tags":[],"class_list":{"0":"post-97952","1":"post","2":"type-post","3":"status-publish","4":"format-standard","5":"has-post-thumbnail","7":"category-brasil","8":"category-economia","9":"entry","10":"gs-1","11":"gs-odd","12":"gs-even","13":"gs-featured-content-entry"},"jetpack_featured_media_url":"https:\/\/www.redenoticia.com.br\/noticia\/imagens\/economia-grafica-analise-inflacao.jpg","jetpack_sharing_enabled":true,"jetpack_likes_enabled":true,"_links":{"self":[{"href":"https:\/\/www.redenoticia.com.br\/noticia\/wp-json\/wp\/v2\/posts\/97952","targetHints":{"allow":["GET"]}}],"collection":[{"href":"https:\/\/www.redenoticia.com.br\/noticia\/wp-json\/wp\/v2\/posts"}],"about":[{"href":"https:\/\/www.redenoticia.com.br\/noticia\/wp-json\/wp\/v2\/types\/post"}],"author":[{"embeddable":true,"href":"https:\/\/www.redenoticia.com.br\/noticia\/wp-json\/wp\/v2\/users\/2"}],"replies":[{"embeddable":true,"href":"https:\/\/www.redenoticia.com.br\/noticia\/wp-json\/wp\/v2\/comments?post=97952"}],"version-history":[{"count":0,"href":"https:\/\/www.redenoticia.com.br\/noticia\/wp-json\/wp\/v2\/posts\/97952\/revisions"}],"wp:featuredmedia":[{"embeddable":true,"href":"https:\/\/www.redenoticia.com.br\/noticia\/wp-json\/wp\/v2\/media\/57584"}],"wp:attachment":[{"href":"https:\/\/www.redenoticia.com.br\/noticia\/wp-json\/wp\/v2\/media?parent=97952"}],"wp:term":[{"taxonomy":"category","embeddable":true,"href":"https:\/\/www.redenoticia.com.br\/noticia\/wp-json\/wp\/v2\/categories?post=97952"},{"taxonomy":"post_tag","embeddable":true,"href":"https:\/\/www.redenoticia.com.br\/noticia\/wp-json\/wp\/v2\/tags?post=97952"}],"curies":[{"name":"wp","href":"https:\/\/api.w.org\/{rel}","templated":true}]}}