{"id":97950,"date":"2016-10-24T06:07:48","date_gmt":"2016-10-24T08:07:48","guid":{"rendered":"http:\/\/www.redenoticia.com.br\/noticia\/?p=97950"},"modified":"2016-10-21T14:57:53","modified_gmt":"2016-10-21T16:57:53","slug":"desembolsos-do-bndes-caem-34-em-relacao-a-2015","status":"publish","type":"post","link":"https:\/\/www.redenoticia.com.br\/noticia\/2016\/desembolsos-do-bndes-caem-34-em-relacao-a-2015\/97950","title":{"rendered":"Desembolsos do BNDES caem 34% em rela\u00e7\u00e3o a 2015"},"content":{"rendered":"<p> Os <strong><em>desembolsos do Banco Nacional do Desenvolvimento Econ\u00f4mico e Social<\/em><\/strong> (BNDES) somaram R$ 62,2 bilh\u00f5es de janeiro a setembro deste ano. O montante representa queda de 34% em rela\u00e7\u00e3o ao mesmo per\u00edodo do ano passado. Os dados foram divulgados pelo banco de fomento.<\/p>\n<p>Apesar do recuo no valor dos financiamentos, atribu\u00eddo \u00e0 recess\u00e3o econ\u00f4mica, a institui\u00e7\u00e3o destacou, em nota, que \u201cobserva-se, com base em setembro \u00faltimo, uma menor queda no ritmo dos desembolsos em todos os setores apoiados pelo banco\u201d. O BNDES ressalta que essa melhora j\u00e1 teve impacto sobre o cen\u00e1rio global, uma vez que, no acumulado at\u00e9 junho, a queda nas libera\u00e7\u00f5es de financiamentos era de 42%.<\/p>\n<p> O resultado foi puxado pelo segmento de material de transportes, cujas libera\u00e7\u00f5es somaram R$ 9,5 bilh\u00f5es, com alta de 27% na ante janeiro a setembro de 2015. Este segmento engloba aeronaves, ve\u00edculos automotores, embarca\u00e7\u00f5es e equipamentos ferrovi\u00e1rios e, segundo o BNDES, tem tido bom desempenho em 2016 por causa da alta nas exporta\u00e7\u00f5es de bens de capital.<\/p>\n<p>As consultas por financiamentos do BNDES, indicador de tend\u00eancia dos desembolsos futuros, atingiram R$ 85 bilh\u00f5es de janeiro a setembro deste ano, resultado 8% inferior ao de 2015.<\/p>\n<p>Mariana Branco &#8211; Rep\u00f3rter da Ag\u00eancia Brasil<br \/>\nEdi\u00e7\u00e3o: Luana Louren\u00e7o<br \/>\n24\/10\/2016<\/p>\n","protected":false},"excerpt":{"rendered":"<p>Os desembolsos do Banco Nacional do Desenvolvimento Econ\u00f4mico e Social (BNDES) somaram R$ 62,2 bilh\u00f5es de janeiro a setembro deste ano. O montante representa queda de 34% em rela\u00e7\u00e3o ao mesmo per\u00edodo do ano passado. Os dados foram divulgados pelo banco de fomento. Apesar do recuo no valor dos financiamentos, atribu\u00eddo \u00e0 recess\u00e3o econ\u00f4mica, a [&hellip;]<\/p>\n","protected":false},"author":2,"featured_media":57583,"comment_status":"open","ping_status":"closed","sticky":false,"template":"","format":"standard","meta":{"_genesis_hide_title":false,"_genesis_hide_breadcrumbs":false,"_genesis_hide_singular_image":false,"_genesis_hide_footer_widgets":false,"_genesis_custom_body_class":"","_genesis_custom_post_class":"","_genesis_layout":"","_jetpack_memberships_contains_paid_content":false,"footnotes":""},"categories":[22,7],"tags":[],"class_list":{"0":"post-97950","1":"post","2":"type-post","3":"status-publish","4":"format-standard","5":"has-post-thumbnail","7":"category-brasil","8":"category-economia","9":"entry","10":"gs-1","11":"gs-odd","12":"gs-even","13":"gs-featured-content-entry"},"jetpack_featured_media_url":"https:\/\/www.redenoticia.com.br\/noticia\/imagens\/economia-grafico.jpg","jetpack_sharing_enabled":true,"jetpack_likes_enabled":true,"_links":{"self":[{"href":"https:\/\/www.redenoticia.com.br\/noticia\/wp-json\/wp\/v2\/posts\/97950","targetHints":{"allow":["GET"]}}],"collection":[{"href":"https:\/\/www.redenoticia.com.br\/noticia\/wp-json\/wp\/v2\/posts"}],"about":[{"href":"https:\/\/www.redenoticia.com.br\/noticia\/wp-json\/wp\/v2\/types\/post"}],"author":[{"embeddable":true,"href":"https:\/\/www.redenoticia.com.br\/noticia\/wp-json\/wp\/v2\/users\/2"}],"replies":[{"embeddable":true,"href":"https:\/\/www.redenoticia.com.br\/noticia\/wp-json\/wp\/v2\/comments?post=97950"}],"version-history":[{"count":0,"href":"https:\/\/www.redenoticia.com.br\/noticia\/wp-json\/wp\/v2\/posts\/97950\/revisions"}],"wp:featuredmedia":[{"embeddable":true,"href":"https:\/\/www.redenoticia.com.br\/noticia\/wp-json\/wp\/v2\/media\/57583"}],"wp:attachment":[{"href":"https:\/\/www.redenoticia.com.br\/noticia\/wp-json\/wp\/v2\/media?parent=97950"}],"wp:term":[{"taxonomy":"category","embeddable":true,"href":"https:\/\/www.redenoticia.com.br\/noticia\/wp-json\/wp\/v2\/categories?post=97950"},{"taxonomy":"post_tag","embeddable":true,"href":"https:\/\/www.redenoticia.com.br\/noticia\/wp-json\/wp\/v2\/tags?post=97950"}],"curies":[{"name":"wp","href":"https:\/\/api.w.org\/{rel}","templated":true}]}}