{"id":97948,"date":"2016-10-24T06:06:38","date_gmt":"2016-10-24T08:06:38","guid":{"rendered":"http:\/\/www.redenoticia.com.br\/noticia\/?p=97948"},"modified":"2016-10-21T14:56:46","modified_gmt":"2016-10-21T16:56:46","slug":"procura-por-voos-domesticos-cai-44-em-setembro","status":"publish","type":"post","link":"https:\/\/www.redenoticia.com.br\/noticia\/2016\/procura-por-voos-domesticos-cai-44-em-setembro\/97948","title":{"rendered":"Procura por voos dom\u00e9sticos cai 4,4% em setembro"},"content":{"rendered":"<p> A <strong><em>demanda por voos dom\u00e9sticos<\/em><\/strong> caiu 4,4% em setembro na compara\u00e7\u00e3o com o mesmo m\u00eas de 2014, segundo balan\u00e7o divulgado pela Associa\u00e7\u00e3o Brasileira das Empresas A\u00e9reas (Abear). No per\u00edodo, foram transportados sete milh\u00f5es de passageiros. No acumulado do ano, 65,4 milh\u00f5es de passageiros voaram de janeiro a setembro, queda de 6,07%, em rela\u00e7\u00e3o ao mesmo per\u00edodo de 2015.<\/p>\n<p>Nos voos internacionais, a queda em setembro foi de 4,27%, com 619 mil passageiros transportados  no m\u00eas. No acumulado do ano, houve retra\u00e7\u00e3o de 2,78%, com o transporte de 5,5 milh\u00f5es de passageiros de janeiro a setembro deste ano. Em rela\u00e7\u00e3o ao transporte de cargas, houve retra\u00e7\u00e3o de 5,31% no total transportado nos mercados interno e externo nos primeiros tr\u00eas trimestres de 2016 em compara\u00e7\u00e3o com o mesmo per\u00edodo do ano anterior.<\/p>\n<p> Apesar da retra\u00e7\u00e3o, o resultado de setembro indica uma desacelera\u00e7\u00e3o nos n\u00edveis de queda que o setor vinha registrando, segundo assessor t\u00e9cnico da Abear, Maur\u00edcio Emboaba. \u201cIsso reflete mais ou menos o que a gente come\u00e7a a ver na economia. Parece que estamos parando de ir para baixo\u201d, ressaltou durante a apresenta\u00e7\u00e3o dos dados.<\/p>\n<p>\u201cTodo os n\u00fameros nos levam a apontar o seguinte: se a velocidade de queda est\u00e1 diminuindo, \u00e9 sinal de que estamos chegando em pouso suave\u201d, acrescentou o presidente da Abear, Eduardo Sanovicz. Segundo o executivo, o setor pode ter um desempenho menos desfavor\u00e1vel do que o previsto para este ano. \u201cEstou come\u00e7ando a olhar para 8% e n\u00e3o mais 10% de queda. Porque eu tinha uma s\u00e9rie de ind\u00edcios de que a gente ainda poderia ver novos movimentos de redu\u00e7\u00e3o, o que eu n\u00e3o estou mais vendo\u201d, calculou.<\/p>\n<p>Apesar do cen\u00e1rio desfavor\u00e1vel, Emboaba acredita que as empresas de avia\u00e7\u00e3o t\u00eam conseguido se adaptar \u00e0s adversidades, ajustando a oferta de assentos. \u201cA ind\u00fastria tem dado respostas adequadas. A taxa de aproveitamento dos voos n\u00e3o cai. Pelo contr\u00e1rio sobe ligeiramente, mesmo em um per\u00edodo de dificuldade econ\u00f4mica. Ou seja, a ind\u00fastria consegue ajustar a sua capacidade, a sua oferta \u00e0 demanda\u201d, destacou o assessor t\u00e9cnico.<\/p>\n<p>Em setembro, a oferta de assentos foi reduzida em 6,3%, e no acumulado do ano, de janeiro a setembro, as companhias diminu\u00edram em 5,6% a disponibilidade de viagens.<\/p>\n<p>Daniel Mello &#8211; Rep\u00f3rter da Ag\u00eancia Brasil<br \/>\nEdi\u00e7\u00e3o: Luana Louren\u00e7o<br \/>\n24\/10\/2016<\/p>\n","protected":false},"excerpt":{"rendered":"<p>A demanda por voos dom\u00e9sticos caiu 4,4% em setembro na compara\u00e7\u00e3o com o mesmo m\u00eas de 2014, segundo balan\u00e7o divulgado pela Associa\u00e7\u00e3o Brasileira das Empresas A\u00e9reas (Abear). No per\u00edodo, foram transportados sete milh\u00f5es de passageiros. No acumulado do ano, 65,4 milh\u00f5es de passageiros voaram de janeiro a setembro, queda de 6,07%, em rela\u00e7\u00e3o ao mesmo [&hellip;]<\/p>\n","protected":false},"author":2,"featured_media":57585,"comment_status":"open","ping_status":"closed","sticky":false,"template":"","format":"standard","meta":{"_genesis_hide_title":false,"_genesis_hide_breadcrumbs":false,"_genesis_hide_singular_image":false,"_genesis_hide_footer_widgets":false,"_genesis_custom_body_class":"","_genesis_custom_post_class":"","_genesis_layout":"","_jetpack_memberships_contains_paid_content":false,"footnotes":""},"categories":[22,7],"tags":[],"class_list":{"0":"post-97948","1":"post","2":"type-post","3":"status-publish","4":"format-standard","5":"has-post-thumbnail","7":"category-brasil","8":"category-economia","9":"entry","10":"gs-1","11":"gs-odd","12":"gs-even","13":"gs-featured-content-entry"},"jetpack_featured_media_url":"https:\/\/www.redenoticia.com.br\/noticia\/imagens\/analise-economia.jpg","jetpack_sharing_enabled":true,"jetpack_likes_enabled":true,"_links":{"self":[{"href":"https:\/\/www.redenoticia.com.br\/noticia\/wp-json\/wp\/v2\/posts\/97948","targetHints":{"allow":["GET"]}}],"collection":[{"href":"https:\/\/www.redenoticia.com.br\/noticia\/wp-json\/wp\/v2\/posts"}],"about":[{"href":"https:\/\/www.redenoticia.com.br\/noticia\/wp-json\/wp\/v2\/types\/post"}],"author":[{"embeddable":true,"href":"https:\/\/www.redenoticia.com.br\/noticia\/wp-json\/wp\/v2\/users\/2"}],"replies":[{"embeddable":true,"href":"https:\/\/www.redenoticia.com.br\/noticia\/wp-json\/wp\/v2\/comments?post=97948"}],"version-history":[{"count":0,"href":"https:\/\/www.redenoticia.com.br\/noticia\/wp-json\/wp\/v2\/posts\/97948\/revisions"}],"wp:featuredmedia":[{"embeddable":true,"href":"https:\/\/www.redenoticia.com.br\/noticia\/wp-json\/wp\/v2\/media\/57585"}],"wp:attachment":[{"href":"https:\/\/www.redenoticia.com.br\/noticia\/wp-json\/wp\/v2\/media?parent=97948"}],"wp:term":[{"taxonomy":"category","embeddable":true,"href":"https:\/\/www.redenoticia.com.br\/noticia\/wp-json\/wp\/v2\/categories?post=97948"},{"taxonomy":"post_tag","embeddable":true,"href":"https:\/\/www.redenoticia.com.br\/noticia\/wp-json\/wp\/v2\/tags?post=97948"}],"curies":[{"name":"wp","href":"https:\/\/api.w.org\/{rel}","templated":true}]}}