{"id":97946,"date":"2016-10-24T06:05:29","date_gmt":"2016-10-24T08:05:29","guid":{"rendered":"http:\/\/www.redenoticia.com.br\/noticia\/?p=97946"},"modified":"2016-10-21T14:55:35","modified_gmt":"2016-10-21T16:55:35","slug":"bc-dilata-ate-31-de-dezembro-prazo-para-declaracao-retificadora-de-capitais","status":"publish","type":"post","link":"https:\/\/www.redenoticia.com.br\/noticia\/2016\/bc-dilata-ate-31-de-dezembro-prazo-para-declaracao-retificadora-de-capitais\/97946","title":{"rendered":"BC dilata at\u00e9 31 de dezembro prazo para declara\u00e7\u00e3o retificadora de capitais"},"content":{"rendered":"<p> O Banco Central (BC) estendeu para 31 de dezembro de 2016 o prazo para a entrega da retifica\u00e7\u00e3o das declara\u00e7\u00f5es de Capitais Brasileiros no Exterior (CBE). O novo prazo \u00e9 v\u00e1lido para contribuintes que regularizem recursos mantidos no exterior por meio do Regime Especial de Regulariza\u00e7\u00e3o Cambial e Tribut\u00e1ria, chamado de Lei da <strong><em>Repatria\u00e7\u00e3o<\/em><\/strong>.<\/p>\n<p>Os contribuintes que regularizarem os recursos devem fazer declara\u00e7\u00f5es retificadoras de Capitais Brasileiros no Exterior da data-base de 31 de dezembro de 2014 e posteriores.<\/p>\n<p>A ades\u00e3o ao Regime Especial de Regulariza\u00e7\u00e3o Cambial e Tribut\u00e1ria isenta o declarante da multa por atraso na entrega das declara\u00e7\u00f5es de Capitais Brasileiros no Exterior. Essa declara\u00e7\u00e3o \u00e9 feita anual e trimestralmente. A declara\u00e7\u00e3o anual \u00e9 obrigat\u00f3ria para residentes no pa\u00eds, detentores de ativos (participa\u00e7\u00e3o no capital de empresas, t\u00edtulos de renda fixa, a\u00e7\u00f5es, dep\u00f3sitos e im\u00f3veis, dentre outros) que totalizem montante a partir de US$ 100 mil no \u00faltimo dia de cada ano. A declara\u00e7\u00e3o trimestral deve ser feita por quem tem ativos a partir de US$ 100 milh\u00f5es no \u00faltimo dia de cada trimestre.<\/p>\n<p>Declara\u00e7\u00e3o de Ajuste Anual<\/p>\n<p>De acordo com o BC, o ajuste permite uma compatibiliza\u00e7\u00e3o com norma da Receita, que trata do prazo de envio das informa\u00e7\u00f5es dispon\u00edveis em institui\u00e7\u00e3o financeira no exterior e para apresenta\u00e7\u00e3o da Declara\u00e7\u00e3o de Ajuste Anual (DAA) retificadora referente ao ano de 2014.<\/p>\n<p>A Receita Federal publicou no Di\u00e1rio Oficial da Uni\u00e3o a instru\u00e7\u00e3o normativa com altera\u00e7\u00f5es para os contribuintes interessados em regularizar bens e ativos mantidos no exterior.<\/p>\n<p>Pelo texto da norma, a DAA retificadora referente ao ano de 2014 dos contribuintes que aderiram ao programa pode ser entregue at\u00e9 31 de dezembro deste ano. A instru\u00e7\u00e3o normativa dispensa tamb\u00e9m as empresas de inclu\u00edrem, na declara\u00e7\u00e3o de ades\u00e3o ao programa, o n\u00famero do recibo da DAA.<\/p>\n<p>Kelly Oliveira &#8211; Rep\u00f3rter da Ag\u00eancia Brasil<br \/>\nEdi\u00e7\u00e3o: Kleber Sampaio<br \/>\n24\/10\/2016<\/p>\n","protected":false},"excerpt":{"rendered":"<p>O Banco Central (BC) estendeu para 31 de dezembro de 2016 o prazo para a entrega da retifica\u00e7\u00e3o das declara\u00e7\u00f5es de Capitais Brasileiros no Exterior (CBE). O novo prazo \u00e9 v\u00e1lido para contribuintes que regularizem recursos mantidos no exterior por meio do Regime Especial de Regulariza\u00e7\u00e3o Cambial e Tribut\u00e1ria, chamado de Lei da Repatria\u00e7\u00e3o. Os [&hellip;]<\/p>\n","protected":false},"author":2,"featured_media":28951,"comment_status":"open","ping_status":"closed","sticky":false,"template":"","format":"standard","meta":{"_genesis_hide_title":false,"_genesis_hide_breadcrumbs":false,"_genesis_hide_singular_image":false,"_genesis_hide_footer_widgets":false,"_genesis_custom_body_class":"","_genesis_custom_post_class":"","_genesis_layout":"","_jetpack_memberships_contains_paid_content":false,"footnotes":""},"categories":[22,7],"tags":[],"class_list":{"0":"post-97946","1":"post","2":"type-post","3":"status-publish","4":"format-standard","5":"has-post-thumbnail","7":"category-brasil","8":"category-economia","9":"entry","10":"gs-1","11":"gs-odd","12":"gs-even","13":"gs-featured-content-entry"},"jetpack_featured_media_url":"https:\/\/www.redenoticia.com.br\/noticia\/imagens\/concurso-inscricao-vagas-ate.jpg","jetpack_sharing_enabled":true,"jetpack_likes_enabled":true,"_links":{"self":[{"href":"https:\/\/www.redenoticia.com.br\/noticia\/wp-json\/wp\/v2\/posts\/97946","targetHints":{"allow":["GET"]}}],"collection":[{"href":"https:\/\/www.redenoticia.com.br\/noticia\/wp-json\/wp\/v2\/posts"}],"about":[{"href":"https:\/\/www.redenoticia.com.br\/noticia\/wp-json\/wp\/v2\/types\/post"}],"author":[{"embeddable":true,"href":"https:\/\/www.redenoticia.com.br\/noticia\/wp-json\/wp\/v2\/users\/2"}],"replies":[{"embeddable":true,"href":"https:\/\/www.redenoticia.com.br\/noticia\/wp-json\/wp\/v2\/comments?post=97946"}],"version-history":[{"count":0,"href":"https:\/\/www.redenoticia.com.br\/noticia\/wp-json\/wp\/v2\/posts\/97946\/revisions"}],"wp:featuredmedia":[{"embeddable":true,"href":"https:\/\/www.redenoticia.com.br\/noticia\/wp-json\/wp\/v2\/media\/28951"}],"wp:attachment":[{"href":"https:\/\/www.redenoticia.com.br\/noticia\/wp-json\/wp\/v2\/media?parent=97946"}],"wp:term":[{"taxonomy":"category","embeddable":true,"href":"https:\/\/www.redenoticia.com.br\/noticia\/wp-json\/wp\/v2\/categories?post=97946"},{"taxonomy":"post_tag","embeddable":true,"href":"https:\/\/www.redenoticia.com.br\/noticia\/wp-json\/wp\/v2\/tags?post=97946"}],"curies":[{"name":"wp","href":"https:\/\/api.w.org\/{rel}","templated":true}]}}