{"id":97931,"date":"2016-10-21T14:43:21","date_gmt":"2016-10-21T16:43:21","guid":{"rendered":"http:\/\/www.redenoticia.com.br\/noticia\/?p=97931"},"modified":"2016-10-21T14:43:21","modified_gmt":"2016-10-21T16:43:21","slug":"receita-publica-normas-com-alteracoes-para-a-repatriacao-de-recursos","status":"publish","type":"post","link":"https:\/\/www.redenoticia.com.br\/noticia\/2016\/receita-publica-normas-com-alteracoes-para-a-repatriacao-de-recursos\/97931","title":{"rendered":"Receita publica normas com altera\u00e7\u00f5es para a repatria\u00e7\u00e3o de recursos"},"content":{"rendered":"<p> A Receita Federal publicou no Di\u00e1rio Oficial da Uni\u00e3o instru\u00e7\u00e3o normativa com altera\u00e7\u00f5es para os contribuintes interessados em regularizar bens e ativos mantidos no exterior. O prazo continua sendo o de dia 31 de outubro, se o Congresso Nacional n\u00e3o alterar as regras da chamada Lei da <strong><em>Repatria\u00e7\u00e3o<\/em><\/strong>.<\/p>\n<p>Pelo texto da norma a Declara\u00e7\u00e3o de Ajuste Anual (DAA) retificadora referente ao ano de 2014 dos contribuintes que aderiram ao programa pode ser entregue at\u00e9 31 de dezembro deste ano. A instru\u00e7\u00e3o normativa dispensa tamb\u00e9m as empresas de inclu\u00edrem, na declara\u00e7\u00e3o de ades\u00e3o ao programa, o n\u00famero do recibo da DAA.<\/p>\n<p>O \u00faltimo balan\u00e7o divulgado pela Receita Federal mostra que, at\u00e9 o in\u00edcio da manh\u00e3 de 19\/10, haviam sido recepcionadas 9.195 declara\u00e7\u00f5es de pessoas f\u00edsicas e 34 de pessoas jur\u00eddicas, totalizando R$ 61,3 bilh\u00f5es de recursos regularizados e R$ 18,6 bilh\u00f5es de imposto e multa decorrentes da regulariza\u00e7\u00e3o.<\/p>\n<p>A Receita Federal alerta aos interessados na regulariza\u00e7\u00e3o cambial e tribut\u00e1ria para n\u00e3o deixarem para fazer a op\u00e7\u00e3o nos \u00faltimos dias e disponibiliza na internet um conjunto de perguntas e respostas para auxiliar os contribuintes sobre a forma de declarar e outras orienta\u00e7\u00f5es sobre o programa.<\/p>\n<p>Daniel Lima e Wellton M\u00e1ximo &#8211; Rep\u00f3rteres da Ag\u00eancia Brasil<br \/>\nEdi\u00e7\u00e3o: Kleber Sampaio<br \/>\n21\/10\/2016<\/p>\n","protected":false},"excerpt":{"rendered":"<p>A Receita Federal publicou no Di\u00e1rio Oficial da Uni\u00e3o instru\u00e7\u00e3o normativa com altera\u00e7\u00f5es para os contribuintes interessados em regularizar bens e ativos mantidos no exterior. O prazo continua sendo o de dia 31 de outubro, se o Congresso Nacional n\u00e3o alterar as regras da chamada Lei da Repatria\u00e7\u00e3o. Pelo texto da norma a Declara\u00e7\u00e3o de [&hellip;]<\/p>\n","protected":false},"author":2,"featured_media":23889,"comment_status":"open","ping_status":"closed","sticky":false,"template":"","format":"standard","meta":{"_genesis_hide_title":false,"_genesis_hide_breadcrumbs":false,"_genesis_hide_singular_image":false,"_genesis_hide_footer_widgets":false,"_genesis_custom_body_class":"","_genesis_custom_post_class":"","_genesis_layout":"","_jetpack_memberships_contains_paid_content":false,"footnotes":""},"categories":[22,7],"tags":[],"class_list":{"0":"post-97931","1":"post","2":"type-post","3":"status-publish","4":"format-standard","5":"has-post-thumbnail","7":"category-brasil","8":"category-economia","9":"entry","10":"gs-1","11":"gs-odd","12":"gs-even","13":"gs-featured-content-entry"},"jetpack_featured_media_url":"https:\/\/www.redenoticia.com.br\/noticia\/imagens\/receita-federal-irpf-2010.jpg","jetpack_sharing_enabled":true,"jetpack_likes_enabled":true,"_links":{"self":[{"href":"https:\/\/www.redenoticia.com.br\/noticia\/wp-json\/wp\/v2\/posts\/97931","targetHints":{"allow":["GET"]}}],"collection":[{"href":"https:\/\/www.redenoticia.com.br\/noticia\/wp-json\/wp\/v2\/posts"}],"about":[{"href":"https:\/\/www.redenoticia.com.br\/noticia\/wp-json\/wp\/v2\/types\/post"}],"author":[{"embeddable":true,"href":"https:\/\/www.redenoticia.com.br\/noticia\/wp-json\/wp\/v2\/users\/2"}],"replies":[{"embeddable":true,"href":"https:\/\/www.redenoticia.com.br\/noticia\/wp-json\/wp\/v2\/comments?post=97931"}],"version-history":[{"count":0,"href":"https:\/\/www.redenoticia.com.br\/noticia\/wp-json\/wp\/v2\/posts\/97931\/revisions"}],"wp:featuredmedia":[{"embeddable":true,"href":"https:\/\/www.redenoticia.com.br\/noticia\/wp-json\/wp\/v2\/media\/23889"}],"wp:attachment":[{"href":"https:\/\/www.redenoticia.com.br\/noticia\/wp-json\/wp\/v2\/media?parent=97931"}],"wp:term":[{"taxonomy":"category","embeddable":true,"href":"https:\/\/www.redenoticia.com.br\/noticia\/wp-json\/wp\/v2\/categories?post=97931"},{"taxonomy":"post_tag","embeddable":true,"href":"https:\/\/www.redenoticia.com.br\/noticia\/wp-json\/wp\/v2\/tags?post=97931"}],"curies":[{"name":"wp","href":"https:\/\/api.w.org\/{rel}","templated":true}]}}