{"id":97929,"date":"2016-10-21T14:42:17","date_gmt":"2016-10-21T16:42:17","guid":{"rendered":"http:\/\/www.redenoticia.com.br\/noticia\/?p=97929"},"modified":"2016-10-21T14:42:17","modified_gmt":"2016-10-21T16:42:17","slug":"repatriacao-ja-rendeu-r-186-bilhoes-ao-governo","status":"publish","type":"post","link":"https:\/\/www.redenoticia.com.br\/noticia\/2016\/repatriacao-ja-rendeu-r-186-bilhoes-ao-governo\/97929","title":{"rendered":"Repatria\u00e7\u00e3o j\u00e1 rendeu R$ 18,6 bilh\u00f5es ao governo"},"content":{"rendered":"<p> A regulariza\u00e7\u00e3o de bens e ativos mantidos no exterior rendeu, at\u00e9 a manh\u00e3 de 19\/10, R$ 18,6 bilh\u00f5es ao governo. O n\u00famero foi divulgado pela Receita Federal. O prazo acaba em 31 de outubro. Tamb\u00e9m conhecido como <strong><em>repatria\u00e7\u00e3o<\/em><\/strong>, o programa, informou a Receita, recebeu 9.195 declara\u00e7\u00f5es de pessoas f\u00edsicas e 34 de pessoas jur\u00eddicas, totalizando R$ 61,3 bilh\u00f5es em recursos regularizados. Os quase R$ 20 bilh\u00f5es arrecadados, esclareceu o Fisco, referem-se \u00e0 cobran\u00e7a de 15% de Imposto de Renda e de 15% de multa. O pagamento n\u00e3o poder\u00e1 ser parcelado.<\/p>\n<p> Se a C\u00e2mara e o Senado n\u00e3o aprovarem o projeto que altera as regras da repatria\u00e7\u00e3o, a ades\u00e3o acaba no fim do m\u00eas. Mesmo que o prazo n\u00e3o seja alterado, a Receita publicou no Di\u00e1rio Oficial da Uni\u00e3o, instru\u00e7\u00e3o normativa que regulamenta condi\u00e7\u00f5es para quem aderiu ao programa.<\/p>\n<p>Quem participar da regulariza\u00e7\u00e3o de bens e ativos poder\u00e1 entregar a Declara\u00e7\u00e3o Anual de Ajuste (DAA) retificadora referente ao exerc\u00edcio de 2014 at\u00e9 31 de dezembro. A instru\u00e7\u00e3o normativa dispensa as empresas de inclu\u00edrem, na declara\u00e7\u00e3o de ades\u00e3o ao programa, o n\u00famero do recibo da DAA.<\/p>\n<p>Para a regulariza\u00e7\u00e3o de ativos superiores a US$ 100 mil, a instru\u00e7\u00e3o normativa estende, tamb\u00e9m at\u00e9 31 de dezembro, o prazo de resposta das institui\u00e7\u00f5es financeiras estrangeiras aos bancos brasileiros. Apesar disso, a data limite para o contribuinte apresentar o requerimento de regulariza\u00e7\u00e3o tribut\u00e1ria \u00e0 institui\u00e7\u00e3o estrangeira continuar\u00e1 a ser 31 de outubro.<\/p>\n<p>A instru\u00e7\u00e3o esclarece ainda que os contribuintes sob suspeita s\u00f3 ser\u00e3o exclu\u00eddos do programa depois de intimados e caso o Fisco considere insuficientes os esclarecimentos prestados. Segundo a Receita, a medida tem como objetivo fornecer seguran\u00e7a a quem aderir \u00e0 regulariza\u00e7\u00e3o de recursos.<\/p>\n<p>Wellton M\u00e1ximo \u2013 Rep\u00f3rter da Ag\u00eancia Brasil<br \/>\nEdi\u00e7\u00e3o: Amanda Cieglinski<br \/>\n21\/10\/2016<\/p>\n","protected":false},"excerpt":{"rendered":"<p>A regulariza\u00e7\u00e3o de bens e ativos mantidos no exterior rendeu, at\u00e9 a manh\u00e3 de 19\/10, R$ 18,6 bilh\u00f5es ao governo. O n\u00famero foi divulgado pela Receita Federal. O prazo acaba em 31 de outubro. Tamb\u00e9m conhecido como repatria\u00e7\u00e3o, o programa, informou a Receita, recebeu 9.195 declara\u00e7\u00f5es de pessoas f\u00edsicas e 34 de pessoas jur\u00eddicas, totalizando [&hellip;]<\/p>\n","protected":false},"author":2,"featured_media":40734,"comment_status":"open","ping_status":"closed","sticky":false,"template":"","format":"standard","meta":{"_genesis_hide_title":false,"_genesis_hide_breadcrumbs":false,"_genesis_hide_singular_image":false,"_genesis_hide_footer_widgets":false,"_genesis_custom_body_class":"","_genesis_custom_post_class":"","_genesis_layout":"","_jetpack_memberships_contains_paid_content":false,"footnotes":""},"categories":[22,7],"tags":[],"class_list":{"0":"post-97929","1":"post","2":"type-post","3":"status-publish","4":"format-standard","5":"has-post-thumbnail","7":"category-brasil","8":"category-economia","9":"entry","10":"gs-1","11":"gs-odd","12":"gs-even","13":"gs-featured-content-entry"},"jetpack_featured_media_url":"https:\/\/www.redenoticia.com.br\/noticia\/imagens\/economia-resultados.jpg","jetpack_sharing_enabled":true,"jetpack_likes_enabled":true,"_links":{"self":[{"href":"https:\/\/www.redenoticia.com.br\/noticia\/wp-json\/wp\/v2\/posts\/97929","targetHints":{"allow":["GET"]}}],"collection":[{"href":"https:\/\/www.redenoticia.com.br\/noticia\/wp-json\/wp\/v2\/posts"}],"about":[{"href":"https:\/\/www.redenoticia.com.br\/noticia\/wp-json\/wp\/v2\/types\/post"}],"author":[{"embeddable":true,"href":"https:\/\/www.redenoticia.com.br\/noticia\/wp-json\/wp\/v2\/users\/2"}],"replies":[{"embeddable":true,"href":"https:\/\/www.redenoticia.com.br\/noticia\/wp-json\/wp\/v2\/comments?post=97929"}],"version-history":[{"count":0,"href":"https:\/\/www.redenoticia.com.br\/noticia\/wp-json\/wp\/v2\/posts\/97929\/revisions"}],"wp:featuredmedia":[{"embeddable":true,"href":"https:\/\/www.redenoticia.com.br\/noticia\/wp-json\/wp\/v2\/media\/40734"}],"wp:attachment":[{"href":"https:\/\/www.redenoticia.com.br\/noticia\/wp-json\/wp\/v2\/media?parent=97929"}],"wp:term":[{"taxonomy":"category","embeddable":true,"href":"https:\/\/www.redenoticia.com.br\/noticia\/wp-json\/wp\/v2\/categories?post=97929"},{"taxonomy":"post_tag","embeddable":true,"href":"https:\/\/www.redenoticia.com.br\/noticia\/wp-json\/wp\/v2\/tags?post=97929"}],"curies":[{"name":"wp","href":"https:\/\/api.w.org\/{rel}","templated":true}]}}