{"id":97928,"date":"2016-10-21T14:41:28","date_gmt":"2016-10-21T16:41:28","guid":{"rendered":"http:\/\/www.redenoticia.com.br\/noticia\/?p=97928"},"modified":"2016-10-21T14:41:28","modified_gmt":"2016-10-21T16:41:28","slug":"multa-para-farol-apagado-durante-o-dia-em-rodovias-federais-volta-a-ser-cobrada","status":"publish","type":"post","link":"https:\/\/www.redenoticia.com.br\/noticia\/2016\/multa-para-farol-apagado-durante-o-dia-em-rodovias-federais-volta-a-ser-cobrada\/97928","title":{"rendered":"Multa para farol apagado durante o dia em rodovias federais volta a ser cobrada"},"content":{"rendered":"<p>Os motoristas que trafegarem com os far\u00f3is baixos apagados durante o dia em rodovias federais sinalizadas voltam a ser multados. A Pol\u00edcia Rodovi\u00e1ria Federal (PRF) retomou a fiscaliza\u00e7\u00e3o da chamada &#8220;<strong><em>Lei dos Far\u00f3is<\/em><\/strong>&#8220;.<\/p>\n<p>Atualmente, os motoristas que descumprem a lei recebem multa no valor de R$ 85,13. De natureza m\u00e9dia, a multa em novembro ser\u00e1 reajustada e passar\u00e1 para R$ 130,16.<\/p>\n<p>A fiscaliza\u00e7\u00e3o ser\u00e1 v\u00e1lida onde houver sinaliza\u00e7\u00e3o indicando que o condutor est\u00e1 trafegando em rodovia, tanto em trechos urbanos, quanto em rurais. A PRF far\u00e1 um mapeamento das rodovias e notificar\u00e1 o Departamento Nacional de Infraestrutura de Transportes (Dnit) sobre os trechos que est\u00e3o sem sinaliza\u00e7\u00e3o.<\/p>\n<p>A orienta\u00e7\u00e3o \u00e9 que, em caso de d\u00favida, o condutor procure manter os far\u00f3is acesos para evitar transtornos.<\/p>\n<p>N\u00fameros<\/p>\n<p>Durante o primeiro m\u00eas de vig\u00eancia da lei, em Julho, foram registradas 117 colis\u00f5es durante o dia, n\u00famero 36% menor comparado ao mesmo per\u00edodo de 2015, que registrou 183 batidas. Nessas ocorr\u00eancias, 39 pessoas morreram e 67 ficaram gravemente feridas, n\u00fameros 56% e 41% menores, respectivamente, quando comparados ao mesmo per\u00edodo do ano passado, em que houve 88 mortes e 113 feridos graves.<\/p>\n<p>Os n\u00fameros tamb\u00e9m mostram redu\u00e7\u00e3o de 34% nos atropelamentos. Foram 86 contra 131 no mesmo per\u00edodo do ano passado, considerando apenas os acidentes ocorridos durante o dia em rodovias federais. Nesses atropelamentos, houve queda no n\u00famero de mortos &#8211; dez em 2016 e 16 em 2015. Quanto aos feridos graves, foram 43 registros em 2016 e 63 em 2015.<\/p>\n<p>Da Ag\u00eancia Brasil<br \/>\nEdi\u00e7\u00e3o: Gra\u00e7a Adjuto<br \/>\n21\/10\/2016<\/p>\n","protected":false},"excerpt":{"rendered":"<p>Os motoristas que trafegarem com os far\u00f3is baixos apagados durante o dia em rodovias federais sinalizadas voltam a ser multados. A Pol\u00edcia Rodovi\u00e1ria Federal (PRF) retomou a fiscaliza\u00e7\u00e3o da chamada &#8220;Lei dos Far\u00f3is&#8220;. Atualmente, os motoristas que descumprem a lei recebem multa no valor de R$ 85,13. De natureza m\u00e9dia, a multa em novembro ser\u00e1 [&hellip;]<\/p>\n","protected":false},"author":2,"featured_media":35207,"comment_status":"open","ping_status":"closed","sticky":false,"template":"","format":"standard","meta":{"_genesis_hide_title":false,"_genesis_hide_breadcrumbs":false,"_genesis_hide_singular_image":false,"_genesis_hide_footer_widgets":false,"_genesis_custom_body_class":"","_genesis_custom_post_class":"","_genesis_layout":"","_jetpack_memberships_contains_paid_content":false,"footnotes":""},"categories":[22],"tags":[],"class_list":{"0":"post-97928","1":"post","2":"type-post","3":"status-publish","4":"format-standard","5":"has-post-thumbnail","7":"category-brasil","8":"entry","9":"gs-1","10":"gs-odd","11":"gs-even","12":"gs-featured-content-entry"},"jetpack_featured_media_url":"https:\/\/www.redenoticia.com.br\/noticia\/imagens\/transito-estradas.jpg","jetpack_sharing_enabled":true,"jetpack_likes_enabled":true,"_links":{"self":[{"href":"https:\/\/www.redenoticia.com.br\/noticia\/wp-json\/wp\/v2\/posts\/97928","targetHints":{"allow":["GET"]}}],"collection":[{"href":"https:\/\/www.redenoticia.com.br\/noticia\/wp-json\/wp\/v2\/posts"}],"about":[{"href":"https:\/\/www.redenoticia.com.br\/noticia\/wp-json\/wp\/v2\/types\/post"}],"author":[{"embeddable":true,"href":"https:\/\/www.redenoticia.com.br\/noticia\/wp-json\/wp\/v2\/users\/2"}],"replies":[{"embeddable":true,"href":"https:\/\/www.redenoticia.com.br\/noticia\/wp-json\/wp\/v2\/comments?post=97928"}],"version-history":[{"count":0,"href":"https:\/\/www.redenoticia.com.br\/noticia\/wp-json\/wp\/v2\/posts\/97928\/revisions"}],"wp:featuredmedia":[{"embeddable":true,"href":"https:\/\/www.redenoticia.com.br\/noticia\/wp-json\/wp\/v2\/media\/35207"}],"wp:attachment":[{"href":"https:\/\/www.redenoticia.com.br\/noticia\/wp-json\/wp\/v2\/media?parent=97928"}],"wp:term":[{"taxonomy":"category","embeddable":true,"href":"https:\/\/www.redenoticia.com.br\/noticia\/wp-json\/wp\/v2\/categories?post=97928"},{"taxonomy":"post_tag","embeddable":true,"href":"https:\/\/www.redenoticia.com.br\/noticia\/wp-json\/wp\/v2\/tags?post=97928"}],"curies":[{"name":"wp","href":"https:\/\/api.w.org\/{rel}","templated":true}]}}