{"id":97926,"date":"2016-10-21T14:39:44","date_gmt":"2016-10-21T16:39:44","guid":{"rendered":"http:\/\/www.redenoticia.com.br\/noticia\/?p=97926"},"modified":"2016-10-21T14:39:44","modified_gmt":"2016-10-21T16:39:44","slug":"sp-amigo-do-idoso-encontro-discute-gestao-do-vila-dignidade","status":"publish","type":"post","link":"https:\/\/www.redenoticia.com.br\/noticia\/2016\/sp-amigo-do-idoso-encontro-discute-gestao-do-vila-dignidade\/97926","title":{"rendered":"SP Amigo do Idoso: encontro discute gest\u00e3o do Vila Dignidade"},"content":{"rendered":"<p> Com o objetivo de discutir a constru\u00e7\u00e3o de equipamentos p\u00fablicos para ofertar <strong><em>moradia assistida e gratuita para idosos<\/em><\/strong> em pequenas vilas, a Secretaria de Estado de Desenvolvimento Social de S\u00e3o Paulo (SEDS) e a Companhia de Desenvolvimento Habitacional e Urbano (CDHU) promoveram um encontro para discutir as estrat\u00e9gias do Vila Dignidade no Estado de S\u00e3o Paulo.<\/p>\n<p>Voltado ao atendimento de idosos independentes e em situa\u00e7\u00e3o de vulnerabilidade, o programa oferece \u00e1reas de conviv\u00eancia social para o acompanhamento permanente do beneficiado.\u00a0Desde a cria\u00e7\u00e3o do\u00a0Vila Dignidade em 2009, 17 munic\u00edpios j\u00e1 contam com o projeto. Atualmente, atende 356 idosos com renda de at\u00e9 um sal\u00e1rio m\u00ednimo, em 336 resid\u00eancias.<\/p>\n<p>Neste primeiro encontro, participaram as Drads da Capital, Guarulhos, Grande SP Leste, Grande SP Oeste, ABC, Campinas, Piracicaba, Vale do Ribeira, Baixada, Mogiana, Vale do Para\u00edba, Sorocaba e Ribeir\u00e3o Preto. Al\u00e9m disso, diretores e t\u00e9cnicos das Diretorias Regionais de Assist\u00eancia Social (DRADS) avaliaram o diagn\u00f3stico e discutiram o aprimoramento da gest\u00e3o do programa junto com a CDHU.<\/p>\n<p>Munic\u00edpios que j\u00e1 contam com o Vila Dignidade<br \/>\n(17 Vilas) &#8211; Avar\u00e9, Botucatu, Caraguatatuba, Itapetininga, Itapeva, Ituverava, Ja\u00fa, Jundia\u00ed, Laranjal Paulista, Limeira, Mogi Mirim, Presidente Prudente, Ribeir\u00e3o Preto, Tup\u00e3, Araraquara, Mogi das Cruzes e S\u00e3o Jos\u00e9 do Rio Preto.<\/p>\n<p>Do Portal do Governo do Estado SP<\/p>\n","protected":false},"excerpt":{"rendered":"<p>Com o objetivo de discutir a constru\u00e7\u00e3o de equipamentos p\u00fablicos para ofertar moradia assistida e gratuita para idosos em pequenas vilas, a Secretaria de Estado de Desenvolvimento Social de S\u00e3o Paulo (SEDS) e a Companhia de Desenvolvimento Habitacional e Urbano (CDHU) promoveram um encontro para discutir as estrat\u00e9gias do Vila Dignidade no Estado de S\u00e3o [&hellip;]<\/p>\n","protected":false},"author":2,"featured_media":36246,"comment_status":"open","ping_status":"closed","sticky":false,"template":"","format":"standard","meta":{"_genesis_hide_title":false,"_genesis_hide_breadcrumbs":false,"_genesis_hide_singular_image":false,"_genesis_hide_footer_widgets":false,"_genesis_custom_body_class":"","_genesis_custom_post_class":"","_genesis_layout":"","_jetpack_memberships_contains_paid_content":false,"footnotes":""},"categories":[22],"tags":[],"class_list":{"0":"post-97926","1":"post","2":"type-post","3":"status-publish","4":"format-standard","5":"has-post-thumbnail","7":"category-brasil","8":"entry","9":"gs-1","10":"gs-odd","11":"gs-even","12":"gs-featured-content-entry"},"jetpack_featured_media_url":"https:\/\/www.redenoticia.com.br\/noticia\/imagens\/professor-a.jpg","jetpack_sharing_enabled":true,"jetpack_likes_enabled":true,"_links":{"self":[{"href":"https:\/\/www.redenoticia.com.br\/noticia\/wp-json\/wp\/v2\/posts\/97926","targetHints":{"allow":["GET"]}}],"collection":[{"href":"https:\/\/www.redenoticia.com.br\/noticia\/wp-json\/wp\/v2\/posts"}],"about":[{"href":"https:\/\/www.redenoticia.com.br\/noticia\/wp-json\/wp\/v2\/types\/post"}],"author":[{"embeddable":true,"href":"https:\/\/www.redenoticia.com.br\/noticia\/wp-json\/wp\/v2\/users\/2"}],"replies":[{"embeddable":true,"href":"https:\/\/www.redenoticia.com.br\/noticia\/wp-json\/wp\/v2\/comments?post=97926"}],"version-history":[{"count":0,"href":"https:\/\/www.redenoticia.com.br\/noticia\/wp-json\/wp\/v2\/posts\/97926\/revisions"}],"wp:featuredmedia":[{"embeddable":true,"href":"https:\/\/www.redenoticia.com.br\/noticia\/wp-json\/wp\/v2\/media\/36246"}],"wp:attachment":[{"href":"https:\/\/www.redenoticia.com.br\/noticia\/wp-json\/wp\/v2\/media?parent=97926"}],"wp:term":[{"taxonomy":"category","embeddable":true,"href":"https:\/\/www.redenoticia.com.br\/noticia\/wp-json\/wp\/v2\/categories?post=97926"},{"taxonomy":"post_tag","embeddable":true,"href":"https:\/\/www.redenoticia.com.br\/noticia\/wp-json\/wp\/v2\/tags?post=97926"}],"curies":[{"name":"wp","href":"https:\/\/api.w.org\/{rel}","templated":true}]}}