{"id":97528,"date":"2016-11-13T19:56:53","date_gmt":"2016-11-13T21:56:53","guid":{"rendered":"http:\/\/www.redenoticia.com.br\/noticia\/?p=97528"},"modified":"2016-11-17T19:22:40","modified_gmt":"2016-11-17T21:22:40","slug":"tele-sena-aniversario-2016","status":"publish","type":"post","link":"https:\/\/www.redenoticia.com.br\/noticia\/2016\/tele-sena-aniversario-2016\/97528","title":{"rendered":"\u201cTele Sena\u201d Anivers\u00e1rio (2016): quinto e \u00faltimo sorteio em 13\/11"},"content":{"rendered":"<p><a href=\"https:\/\/www.redenoticia.com.br\/noticia\/imagens\/tele-sena1.jpg\"><img loading=\"lazy\" decoding=\"async\" class=\"alignleft size-medium wp-image-49116\" src=\"https:\/\/www.redenoticia.com.br\/noticia\/imagens\/tele-sena1-250x160.jpg\" alt=\"tele-sena\" width=\"250\" height=\"160\" \/><\/a><em><strong>\u201cTele Sena\u201d<\/strong><\/em>\u00a0Anivers\u00e1rio (2016): o quinto e \u00faltimo sorteio desta &#8220;Tele Sena&#8221; aconteceu no domingo, 13\/11, no\u00a0SBT.\u00a0Nesta edi\u00e7\u00e3o, a\u00a0Lideran\u00e7a Capitaliza\u00e7\u00e3o comemora o anivers\u00e1rio de 25 anos da &#8220;Tele Sena&#8221;. Ao abrir a cartela, o consumidor pode encontrar um cupom para a promo\u00e7\u00e3o Cupom Dourado Milion\u00e1rio da Tele Sena e concorrer a R$ 1 milh\u00e3o no palco de um programa de TV. A &#8220;Tele Sena&#8221; de Anivers\u00e1rio tamb\u00e9m conta com as tradicionais premia\u00e7\u00f5es com R$ 600 mil para quem marcar Mais Pontos e R$ 400 mil para quem fizer Menos Pontos, e a Tele Sena Completa, que contemplar\u00e1 com R$ 500 mil o ganhador que completar o quadro de 20 pontos no sorteio \u00fanico em 13\/11\/2016. Em ambos os quadros, se houver empate, os pr\u00eamios ser\u00e3o divididos em partes iguais. A &#8220;Tele Sena&#8221; de Anivers\u00e1rio traz tamb\u00e9m o Ganhe J\u00e1 que distribui pr\u00eamios instant\u00e2neos nos valores de R$ 100 mil, R$ 50 mil, R$ 30 mil, R$ 20 mil, R$ 10 mil, R$ 5 mil e R$ 1 mil.<\/p>\n<p>Not\u00edcia relacionada:<a href=\"https:\/\/www.redenoticia.com.br\/noticia\/2016\/tele-sena-natal-2016\/100000\"> \u201cTele Sena\u201d Natal (2016)<\/a><\/p>\n<p>Confira o resultado do primeiro sorteio da \u201cTele Sena\u201d Anivers\u00e1rio (2016), em 16\/10:<\/p>\n<p>19 &#8211; 22 &#8211; 36 &#8211; 37 &#8211; 38<\/p>\n<p>Confira o resultado do segundo sorteio da \u201cTele Sena\u201d Anivers\u00e1rio (2016), em 23\/10:<\/p>\n<p>07 &#8211; 15 &#8211; 24 &#8211; 31 &#8211; 39<\/p>\n<p>Confira o resultado do terceiro sorteio da \u201cTele Sena\u201d Anivers\u00e1rio (2016), em 30\/10:<\/p>\n<p>11 &#8211; 13 &#8211; 17 &#8211; 20 &#8211; 25<\/p>\n<p>Confira o resultado do quarto sorteio da \u201cTele Sena\u201d Anivers\u00e1rio (2016), em 06\/11:<\/p>\n<p>01 &#8211; 02 &#8211; 23 &#8211; 29 &#8211; 41<\/p>\n<p>Confira o resultado do quinto e \u00faltimo sorteio da \u201cTele Sena\u201d Anivers\u00e1rio (2016), em 13\/11:<\/p>\n<p>03 &#8211; 04 &#8211; 05 &#8211; 10 &#8211; 35<\/p>\n<p>&#8220;Tele Sena&#8221; completa<\/p>\n<p>50 &#8211; 51 &#8211; 52 &#8211; 53 &#8211; 54 &#8211; 55 &#8211; 58<br \/>\n60 &#8211; 61 &#8211; 62 &#8211; 63 &#8211; 64 &#8211; 65 &#8211; 66 &#8211; 67 &#8211; 69<br \/>\n70 &#8211; 71 &#8211; 77 &#8211; 79<br \/>\n81 &#8211; 83 &#8211; 84 &#8211; 86<\/p>\n<p>Fonte \u201cTele Sena\u201d Anivers\u00e1rio (2016)<\/p>\n<p>&#8212;<br \/>\n&#8220;Tele Sena&#8221; \u00e9 um t\u00edtulo de capitaliza\u00e7\u00e3o de pagamento \u00fanico (PU), lan\u00e7ado em novembro de 1991 pela Lideran\u00e7a Capitaliza\u00e7\u00e3o S\/A.<\/p>\n<p>O consumidor adquire o produto em Casas Lotericas ou Ag\u00eancias dos Correios e, ap\u00f3s um ano, pode resgatar 50% do valor, com juros e corre\u00e7\u00e3o monet\u00e1ria, ou acrescentar mais um pouco e trocar pela Tele Sena em vigor.<\/p>\n<p>Durante a vig\u00eancia da Tele Sena Milion\u00e1ria (SUSEP 15414.900139\/2015-55), o consumidor concorre em seis formas de premia\u00e7\u00e3o.<\/p>\n","protected":false},"excerpt":{"rendered":"<p>\u201cTele Sena\u201d\u00a0Anivers\u00e1rio (2016): o quinto e \u00faltimo sorteio desta &#8220;Tele Sena&#8221; aconteceu no domingo, 13\/11, no\u00a0SBT.\u00a0Nesta edi\u00e7\u00e3o, a\u00a0Lideran\u00e7a Capitaliza\u00e7\u00e3o comemora o anivers\u00e1rio de 25 anos da &#8220;Tele Sena&#8221;. Ao abrir a cartela, o consumidor pode encontrar um cupom para a promo\u00e7\u00e3o Cupom Dourado Milion\u00e1rio da Tele Sena e concorrer a R$ 1 milh\u00e3o no palco [&hellip;]<\/p>\n","protected":false},"author":2,"featured_media":49116,"comment_status":"open","ping_status":"closed","sticky":false,"template":"","format":"standard","meta":{"_genesis_hide_title":false,"_genesis_hide_breadcrumbs":false,"_genesis_hide_singular_image":false,"_genesis_hide_footer_widgets":false,"_genesis_custom_body_class":"","_genesis_custom_post_class":"","_genesis_layout":"","_jetpack_memberships_contains_paid_content":false,"footnotes":""},"categories":[335,356],"tags":[],"class_list":{"0":"post-97528","1":"post","2":"type-post","3":"status-publish","4":"format-standard","5":"has-post-thumbnail","7":"category-loteria","8":"category-tele-sena","9":"entry","10":"gs-1","11":"gs-odd","12":"gs-even","13":"gs-featured-content-entry"},"jetpack_featured_media_url":"https:\/\/www.redenoticia.com.br\/noticia\/imagens\/tele-sena1.jpg","jetpack_sharing_enabled":true,"jetpack_likes_enabled":true,"_links":{"self":[{"href":"https:\/\/www.redenoticia.com.br\/noticia\/wp-json\/wp\/v2\/posts\/97528","targetHints":{"allow":["GET"]}}],"collection":[{"href":"https:\/\/www.redenoticia.com.br\/noticia\/wp-json\/wp\/v2\/posts"}],"about":[{"href":"https:\/\/www.redenoticia.com.br\/noticia\/wp-json\/wp\/v2\/types\/post"}],"author":[{"embeddable":true,"href":"https:\/\/www.redenoticia.com.br\/noticia\/wp-json\/wp\/v2\/users\/2"}],"replies":[{"embeddable":true,"href":"https:\/\/www.redenoticia.com.br\/noticia\/wp-json\/wp\/v2\/comments?post=97528"}],"version-history":[{"count":0,"href":"https:\/\/www.redenoticia.com.br\/noticia\/wp-json\/wp\/v2\/posts\/97528\/revisions"}],"wp:featuredmedia":[{"embeddable":true,"href":"https:\/\/www.redenoticia.com.br\/noticia\/wp-json\/wp\/v2\/media\/49116"}],"wp:attachment":[{"href":"https:\/\/www.redenoticia.com.br\/noticia\/wp-json\/wp\/v2\/media?parent=97528"}],"wp:term":[{"taxonomy":"category","embeddable":true,"href":"https:\/\/www.redenoticia.com.br\/noticia\/wp-json\/wp\/v2\/categories?post=97528"},{"taxonomy":"post_tag","embeddable":true,"href":"https:\/\/www.redenoticia.com.br\/noticia\/wp-json\/wp\/v2\/tags?post=97528"}],"curies":[{"name":"wp","href":"https:\/\/api.w.org\/{rel}","templated":true}]}}