{"id":97479,"date":"2016-10-17T06:49:20","date_gmt":"2016-10-17T08:49:20","guid":{"rendered":"http:\/\/www.redenoticia.com.br\/noticia\/?p=97479"},"modified":"2016-10-15T13:50:04","modified_gmt":"2016-10-15T16:50:04","slug":"cni-revisa-numeros-da-economia-e-diz-que-pib-recuara-31-e-nao-mais-35","status":"publish","type":"post","link":"https:\/\/www.redenoticia.com.br\/noticia\/2016\/cni-revisa-numeros-da-economia-e-diz-que-pib-recuara-31-e-nao-mais-35\/97479","title":{"rendered":"CNI revisa n\u00fameros da economia e diz que PIB recuar\u00e1 3,1% e n\u00e3o mais 3,5%"},"content":{"rendered":"<p> A Confedera\u00e7\u00e3o Nacional da Ind\u00fastria (CNI) informou que, diante da melhora das expectativas de empres\u00e1rios e consumidores e dos sinais de que o pa\u00eds come\u00e7a a superar a crise, as estimativas sobre o <strong><em>desempenho da economia<\/em><\/strong> este ano foram revisadas.<\/p>\n<p>As novas previs\u00f5es indicam que o Produto Interno Bruto (PIB \u2013 a soma de todas as riquezas produzidas pelo pa\u00eds) encolher\u00e1 3,1% em 2016, menos do que os 3,5% estimados no segundo trimestre.<\/p>\n<p>O PIB industrial, com queda de 3,7%, liderar\u00e1 a retra\u00e7\u00e3o da economia. Ser\u00e1 o segundo ano consecutivo de redu\u00e7\u00e3o da economia brasileira e o terceiro de queda no PIB industrial, informou a CNI.<\/p>\n<p>Mais n\u00fameros da economia<\/p>\n<p>A previs\u00e3o para os investimentos \u00e9 de queda de 11%, inferior aos 13,9% estimados no segundo trimestre. O consumo das fam\u00edlias encolher\u00e1 4,6%, menos do que os 4,8% previstos anteriormente, diz o Informe Conjuntural do terceiro trimestre.<\/p>\n<p>Para a CNI, os principais sinais de recupera\u00e7\u00e3o da economia s\u00e3o o aumento da confian\u00e7a dos empres\u00e1rios, o crescimento do super\u00e1vit comercial e o ajuste dos estoques aos n\u00edveis planejados por empres\u00e1rios. O saldo comercial brasileiro deve alcan\u00e7ar US$ 50 bilh\u00f5es este ano, muito mais do que os US$ 19,7 bilh\u00f5es de 2015.<\/p>\n<p>Al\u00e9m disso, observa a CNI, a conclus\u00e3o do processo de impeachment e a posse de um governo que mudou os rumos da pol\u00edtica econ\u00f4mica contribuem para a mudan\u00e7a do cen\u00e1rio.<\/p>\n<p>&#8220;Ainda que a exata dimens\u00e3o temporal do ajuste fiscal de longo prazo n\u00e3o esteja definida, a mudan\u00e7a de enfoque reverteu expectativas, com reflexo favor\u00e1vel na confian\u00e7a dos agentes&#8221;, diz o Informe Conjuntural.<\/p>\n<p>A CNI adverte, no entanto, que a recupera\u00e7\u00e3o depende do ajuste das contas p\u00fablicas no longo prazo. Por isso, a confedera\u00e7\u00e3o defende a aprova\u00e7\u00e3o da Proposta de Emenda Constitucional 241, que imp\u00f5e limites ao crescimento dos gastos do governo e a reforma da Previd\u00eancia Social.<\/p>\n<p>Da Ag\u00eancia Brasil<br \/>\nEdi\u00e7\u00e3o: Kleber Sampaio<br \/>\n17\/10\/2016<\/p>\n","protected":false},"excerpt":{"rendered":"<p>A Confedera\u00e7\u00e3o Nacional da Ind\u00fastria (CNI) informou que, diante da melhora das expectativas de empres\u00e1rios e consumidores e dos sinais de que o pa\u00eds come\u00e7a a superar a crise, as estimativas sobre o desempenho da economia este ano foram revisadas. As novas previs\u00f5es indicam que o Produto Interno Bruto (PIB \u2013 a soma de todas [&hellip;]<\/p>\n","protected":false},"author":2,"featured_media":57583,"comment_status":"open","ping_status":"closed","sticky":false,"template":"","format":"standard","meta":{"_genesis_hide_title":false,"_genesis_hide_breadcrumbs":false,"_genesis_hide_singular_image":false,"_genesis_hide_footer_widgets":false,"_genesis_custom_body_class":"","_genesis_custom_post_class":"","_genesis_layout":"","_jetpack_memberships_contains_paid_content":false,"footnotes":""},"categories":[22,7],"tags":[],"class_list":{"0":"post-97479","1":"post","2":"type-post","3":"status-publish","4":"format-standard","5":"has-post-thumbnail","7":"category-brasil","8":"category-economia","9":"entry","10":"gs-1","11":"gs-odd","12":"gs-even","13":"gs-featured-content-entry"},"jetpack_featured_media_url":"https:\/\/www.redenoticia.com.br\/noticia\/imagens\/economia-grafico.jpg","jetpack_sharing_enabled":true,"jetpack_likes_enabled":true,"_links":{"self":[{"href":"https:\/\/www.redenoticia.com.br\/noticia\/wp-json\/wp\/v2\/posts\/97479","targetHints":{"allow":["GET"]}}],"collection":[{"href":"https:\/\/www.redenoticia.com.br\/noticia\/wp-json\/wp\/v2\/posts"}],"about":[{"href":"https:\/\/www.redenoticia.com.br\/noticia\/wp-json\/wp\/v2\/types\/post"}],"author":[{"embeddable":true,"href":"https:\/\/www.redenoticia.com.br\/noticia\/wp-json\/wp\/v2\/users\/2"}],"replies":[{"embeddable":true,"href":"https:\/\/www.redenoticia.com.br\/noticia\/wp-json\/wp\/v2\/comments?post=97479"}],"version-history":[{"count":0,"href":"https:\/\/www.redenoticia.com.br\/noticia\/wp-json\/wp\/v2\/posts\/97479\/revisions"}],"wp:featuredmedia":[{"embeddable":true,"href":"https:\/\/www.redenoticia.com.br\/noticia\/wp-json\/wp\/v2\/media\/57583"}],"wp:attachment":[{"href":"https:\/\/www.redenoticia.com.br\/noticia\/wp-json\/wp\/v2\/media?parent=97479"}],"wp:term":[{"taxonomy":"category","embeddable":true,"href":"https:\/\/www.redenoticia.com.br\/noticia\/wp-json\/wp\/v2\/categories?post=97479"},{"taxonomy":"post_tag","embeddable":true,"href":"https:\/\/www.redenoticia.com.br\/noticia\/wp-json\/wp\/v2\/tags?post=97479"}],"curies":[{"name":"wp","href":"https:\/\/api.w.org\/{rel}","templated":true}]}}