{"id":97476,"date":"2016-10-17T06:48:06","date_gmt":"2016-10-17T08:48:06","guid":{"rendered":"http:\/\/www.redenoticia.com.br\/noticia\/?p=97476"},"modified":"2016-10-15T13:49:01","modified_gmt":"2016-10-15T16:49:01","slug":"petrobras-reduz-preco-da-gasolina-nas-refinarias-em-32","status":"publish","type":"post","link":"https:\/\/www.redenoticia.com.br\/noticia\/2016\/petrobras-reduz-preco-da-gasolina-nas-refinarias-em-32\/97476","title":{"rendered":"Petrobras reduz pre\u00e7o da gasolina nas refinarias em 3,2%"},"content":{"rendered":"<p> A Petrobras anunciou a <strong><em>redu\u00e7\u00e3o do pre\u00e7o da gasolina<\/em><\/strong> em 3,2% em suas refinarias e 2,7% no pre\u00e7o do diesel. Os reajustes s\u00e3o reflexo de uma nova pol\u00edtica de pre\u00e7os aprovada pela empresa. A redu\u00e7\u00e3o \u00e9 para o combust\u00edvel vendido no atacado para postos de gasolina. O impacto dessas redu\u00e7\u00f5es no bolso do consumidor depender\u00e1 das estrat\u00e9gias de cada posto. Mas, se o repasse da redu\u00e7\u00e3o no pre\u00e7o na refinaria for feito integralmente para o pre\u00e7o ao consumidor, as redu\u00e7\u00f5es ser\u00e3o de 1,4% na gasolina e 1,8% no diesel.<\/p>\n<p>A nova pol\u00edtica ter\u00e1 pre\u00e7o de paridade internacional (PPI), margem para remunera\u00e7\u00e3o de riscos inerentes \u00e0 opera\u00e7\u00e3o e n\u00edvel de participa\u00e7\u00e3o no mercado. A empresa estabeleceu, entre outras coisas, que nunca ter\u00e1 pre\u00e7os abaixo da paridade internacional. <\/p>\n<p>A pol\u00edtica de pre\u00e7o de paridade internacional (PPI) inclui os custos com frete de navios, custos internos de transportes e taxas portu\u00e1rias.<\/p>\n<p>Os pre\u00e7os ser\u00e3o revistos pelo menos uma vez por m\u00eas. Eles podem ser reduzidos, aumentados ou mantidos.<\/p>\n<p>Vitor Abdala \u2013 Rep\u00f3rter da Ag\u00eancia Brasil<br \/>\nEdi\u00e7\u00e3o: Kleber Sampaio<br \/>\n17\/10\/2016<\/p>\n","protected":false},"excerpt":{"rendered":"<p>A Petrobras anunciou a redu\u00e7\u00e3o do pre\u00e7o da gasolina em 3,2% em suas refinarias e 2,7% no pre\u00e7o do diesel. Os reajustes s\u00e3o reflexo de uma nova pol\u00edtica de pre\u00e7os aprovada pela empresa. A redu\u00e7\u00e3o \u00e9 para o combust\u00edvel vendido no atacado para postos de gasolina. O impacto dessas redu\u00e7\u00f5es no bolso do consumidor depender\u00e1 [&hellip;]<\/p>\n","protected":false},"author":2,"featured_media":34985,"comment_status":"open","ping_status":"closed","sticky":false,"template":"","format":"standard","meta":{"_genesis_hide_title":false,"_genesis_hide_breadcrumbs":false,"_genesis_hide_singular_image":false,"_genesis_hide_footer_widgets":false,"_genesis_custom_body_class":"","_genesis_custom_post_class":"","_genesis_layout":"","_jetpack_memberships_contains_paid_content":false,"footnotes":""},"categories":[22,7],"tags":[],"class_list":{"0":"post-97476","1":"post","2":"type-post","3":"status-publish","4":"format-standard","5":"has-post-thumbnail","7":"category-brasil","8":"category-economia","9":"entry","10":"gs-1","11":"gs-odd","12":"gs-even","13":"gs-featured-content-entry"},"jetpack_featured_media_url":"https:\/\/www.redenoticia.com.br\/noticia\/imagens\/combustivel.jpg","jetpack_sharing_enabled":true,"jetpack_likes_enabled":true,"_links":{"self":[{"href":"https:\/\/www.redenoticia.com.br\/noticia\/wp-json\/wp\/v2\/posts\/97476","targetHints":{"allow":["GET"]}}],"collection":[{"href":"https:\/\/www.redenoticia.com.br\/noticia\/wp-json\/wp\/v2\/posts"}],"about":[{"href":"https:\/\/www.redenoticia.com.br\/noticia\/wp-json\/wp\/v2\/types\/post"}],"author":[{"embeddable":true,"href":"https:\/\/www.redenoticia.com.br\/noticia\/wp-json\/wp\/v2\/users\/2"}],"replies":[{"embeddable":true,"href":"https:\/\/www.redenoticia.com.br\/noticia\/wp-json\/wp\/v2\/comments?post=97476"}],"version-history":[{"count":0,"href":"https:\/\/www.redenoticia.com.br\/noticia\/wp-json\/wp\/v2\/posts\/97476\/revisions"}],"wp:featuredmedia":[{"embeddable":true,"href":"https:\/\/www.redenoticia.com.br\/noticia\/wp-json\/wp\/v2\/media\/34985"}],"wp:attachment":[{"href":"https:\/\/www.redenoticia.com.br\/noticia\/wp-json\/wp\/v2\/media?parent=97476"}],"wp:term":[{"taxonomy":"category","embeddable":true,"href":"https:\/\/www.redenoticia.com.br\/noticia\/wp-json\/wp\/v2\/categories?post=97476"},{"taxonomy":"post_tag","embeddable":true,"href":"https:\/\/www.redenoticia.com.br\/noticia\/wp-json\/wp\/v2\/tags?post=97476"}],"curies":[{"name":"wp","href":"https:\/\/api.w.org\/{rel}","templated":true}]}}