{"id":97474,"date":"2016-10-17T06:47:05","date_gmt":"2016-10-17T08:47:05","guid":{"rendered":"http:\/\/www.redenoticia.com.br\/noticia\/?p=97474"},"modified":"2016-10-15T13:48:02","modified_gmt":"2016-10-15T16:48:02","slug":"supremo-confirma-cobranca-do-icms-na-tarifa-de-telefonia","status":"publish","type":"post","link":"https:\/\/www.redenoticia.com.br\/noticia\/2016\/supremo-confirma-cobranca-do-icms-na-tarifa-de-telefonia\/97474","title":{"rendered":"Supremo confirma cobran\u00e7a do ICMS na tarifa de telefonia"},"content":{"rendered":"<p> O Supremo Tribunal Federal (STF) confirmou que o Imposto sobre Circula\u00e7\u00e3o de Mercadorias e Presta\u00e7\u00e3o de Servi\u00e7os (<strong><em>ICMS<\/em><\/strong>) pode ser cobrado na tarifa de assinatura b\u00e1sica de telefonia. O imposto \u00e9 recolhido pelas empresas de telefonia na fatura mensal de cobran\u00e7a.<\/p>\n<p>A quest\u00e3o chegou \u00e0 Corte por meio de um recurso do governo do Rio Grande do Sul, que recorreu de uma decis\u00e3o da Justi\u00e7a ga\u00facha. No julgamento, o Tribunal de Justi\u00e7a entendeu que o servi\u00e7o de assinatura b\u00e1sica oferecido pelas operadoras aos consumidores n\u00e3o pode sofrer incid\u00eancia do ICMS por tratar-se de um servi\u00e7o complementar.<\/p>\n<p>Por 7 votos a 2, seguindo voto do relator, ministro Teori Zavascki, o Supremo entendeu que a assinatura b\u00e1sica faz parte da presta\u00e7\u00e3o do servi\u00e7o de telefonia e, dessa forma, o imposto deve ser cobrado. Votaram com o relator os ministros Edson Fachin, Lu\u00eds Roberto Barroso, Rosa Weber, Dias Toffoli, Marco Aur\u00e9lio e C\u00e1rmen L\u00facia.<\/p>\n<p>Andr\u00e9 Richter \u2013 Rep\u00f3rter da Ag\u00eancia Brasil<br \/>\nEdi\u00e7\u00e3o: Maria Claudia<br \/>\n17\/10\/2016<\/p>\n","protected":false},"excerpt":{"rendered":"<p>O Supremo Tribunal Federal (STF) confirmou que o Imposto sobre Circula\u00e7\u00e3o de Mercadorias e Presta\u00e7\u00e3o de Servi\u00e7os (ICMS) pode ser cobrado na tarifa de assinatura b\u00e1sica de telefonia. O imposto \u00e9 recolhido pelas empresas de telefonia na fatura mensal de cobran\u00e7a. A quest\u00e3o chegou \u00e0 Corte por meio de um recurso do governo do Rio [&hellip;]<\/p>\n","protected":false},"author":2,"featured_media":57584,"comment_status":"open","ping_status":"closed","sticky":false,"template":"","format":"standard","meta":{"_genesis_hide_title":false,"_genesis_hide_breadcrumbs":false,"_genesis_hide_singular_image":false,"_genesis_hide_footer_widgets":false,"_genesis_custom_body_class":"","_genesis_custom_post_class":"","_genesis_layout":"","_jetpack_memberships_contains_paid_content":false,"footnotes":""},"categories":[22,7],"tags":[],"class_list":{"0":"post-97474","1":"post","2":"type-post","3":"status-publish","4":"format-standard","5":"has-post-thumbnail","7":"category-brasil","8":"category-economia","9":"entry","10":"gs-1","11":"gs-odd","12":"gs-even","13":"gs-featured-content-entry"},"jetpack_featured_media_url":"https:\/\/www.redenoticia.com.br\/noticia\/imagens\/economia-grafica-analise-inflacao.jpg","jetpack_sharing_enabled":true,"jetpack_likes_enabled":true,"_links":{"self":[{"href":"https:\/\/www.redenoticia.com.br\/noticia\/wp-json\/wp\/v2\/posts\/97474","targetHints":{"allow":["GET"]}}],"collection":[{"href":"https:\/\/www.redenoticia.com.br\/noticia\/wp-json\/wp\/v2\/posts"}],"about":[{"href":"https:\/\/www.redenoticia.com.br\/noticia\/wp-json\/wp\/v2\/types\/post"}],"author":[{"embeddable":true,"href":"https:\/\/www.redenoticia.com.br\/noticia\/wp-json\/wp\/v2\/users\/2"}],"replies":[{"embeddable":true,"href":"https:\/\/www.redenoticia.com.br\/noticia\/wp-json\/wp\/v2\/comments?post=97474"}],"version-history":[{"count":0,"href":"https:\/\/www.redenoticia.com.br\/noticia\/wp-json\/wp\/v2\/posts\/97474\/revisions"}],"wp:featuredmedia":[{"embeddable":true,"href":"https:\/\/www.redenoticia.com.br\/noticia\/wp-json\/wp\/v2\/media\/57584"}],"wp:attachment":[{"href":"https:\/\/www.redenoticia.com.br\/noticia\/wp-json\/wp\/v2\/media?parent=97474"}],"wp:term":[{"taxonomy":"category","embeddable":true,"href":"https:\/\/www.redenoticia.com.br\/noticia\/wp-json\/wp\/v2\/categories?post=97474"},{"taxonomy":"post_tag","embeddable":true,"href":"https:\/\/www.redenoticia.com.br\/noticia\/wp-json\/wp\/v2\/tags?post=97474"}],"curies":[{"name":"wp","href":"https:\/\/api.w.org\/{rel}","templated":true}]}}