{"id":9744,"date":"2009-08-26T15:33:16","date_gmt":"2009-08-26T19:33:16","guid":{"rendered":"http:\/\/www.redenoticia.com.br\/noticia\/?p=9744"},"modified":"2009-08-30T14:38:59","modified_gmt":"2009-08-30T18:38:59","slug":"capricho-seleciona-estagiario-em-reality-do-boomerang","status":"publish","type":"post","link":"https:\/\/www.redenoticia.com.br\/noticia\/2009\/capricho-seleciona-estagiario-em-reality-do-boomerang\/9744","title":{"rendered":"Capricho seleciona estagi\u00e1rio em reality do Boomerang"},"content":{"rendered":"<p><a href=\"https:\/\/www.redenoticia.com.br\/noticia\/imagens\/\/capricho.jpg\"><img loading=\"lazy\" decoding=\"async\" class=\"alignleft size-full wp-image-10163\" title=\"capricho\" src=\"https:\/\/www.redenoticia.com.br\/noticia\/imagens\/\/capricho.jpg\" alt=\"capricho\" width=\"150\" height=\"113\" \/><\/a>Boomerang Capricho &#8211; Entre looks modernos e descolados, o que se passa no cobi\u00e7ado acervo de figurinos dos editoriais de moda de uma das maiores revistas do Brasil? Quem s\u00e3o as pessoas que montam os visuais das famosas, das modelos e das leitoras, em p\u00e1ginas que determinam tend\u00eancias que v\u00e3o para as ruas? A partir do dia 9 de setembro, \u00e0s 21h, os espectadores do canal Boomerang ser\u00e3o convidados a descobrir. Este \u00e9 o grande atrativo de TEMPORADA DE MODA CAPRICHO, um docu-reality no qual 20 estudantes de moda competir\u00e3o por um est\u00e1gio de seis meses no departamento de estilo da revista Capricho, da Editora Abril. Ser\u00e3o 13 epis\u00f3dios com uma hora de dura\u00e7\u00e3o cada, gravados na cidade de S\u00e3o Paulo, co-produzidos pelo Boomerang e pela revista Capricho, com realiza\u00e7\u00e3o da Primo Filmes.\u00a0<\/p>\n<p>Apresentado pela editora criativa da Capricho, Adriana Yoshida, TEMPORADA DE MODA CAPRICHO recrutou seus participantes nas principais faculdades de moda da capital paulistana. A cada cap\u00edtulo do programa, eles ter\u00e3o tarefas a realizar, sejam elas glamurosas ou ingratas, como produzir um visual com or\u00e7amento bem limitado, desenvolver um look partindo dos sapatos ou inspirando-se em filmes retratando d\u00e9cadas passadas. O resultado das provas ser\u00e1 julgado por um corpo de jurados formado por representantes da revista e convidados e, ao final de cada epis\u00f3dio, um participante ser\u00e1 eliminado. Como a revista \u00e9 quinzenal, as produ\u00e7\u00f5es feitas pelos participantes se tornar\u00e3o o editorial da revista numa semana e, na semana seguinte, ser\u00e3o publicadas no site. Ou seja: veremos eles produzindo na quarta \u00e0 noite o que estar\u00e1 de fato nas bancas e\/ou na internet na quinta-feira.<\/p>\n<p>Compartilhando suas experi\u00eancias com os participantes ao longo dos epis\u00f3dios, diversas figuras carimbadas do universo da moda v\u00e3o desfilar pelo cen\u00e1rio da atra\u00e7\u00e3o. Entre os convidados, est\u00e3o as jornalistas de moda Alexandra Farah e Alessandra Garattoni, a estilista e blogueira Thais Losso, a editora-chefe da Fashion TV Brasil, Maria Prata, as consultoras de moda Ana Cury, Cris Francine e Paula Martins, o hair stylist Evandro \u00c2ngelo, o historiador de moda Jo\u00e3o Braga, os stylists Luis Fiod, Rodrigo Pollack, Marcio Banfi e Dani Bonani e os fot\u00f3grafos Henrique Gendre, Feco Hamburger, Ivan Abujamra e Paulo Cabral.<\/p>\n<p>No programa de estreia, dia 9, o p\u00fablico conhecer\u00e1 todos os lances do processo de sele\u00e7\u00e3o, indo das primeiras visitas \u00e0s universidades \u00e0 \u00faltima etapa na qual foram escolhidos os primeiros 20 finalistas. As produ\u00e7\u00f5es feitas ao longo do programa estar\u00e3o nas p\u00e1ginas da revista e tamb\u00e9m no site oficial do TEMPORADA DE MODA CAPRICHO, no endere\u00e7o <a href=\"http:\/\/www.temporadademoda.com.br\" target=\"_blank\">www.temporadademoda.com.br<\/a>, que trar\u00e1 ainda tomadas de bastidores e v\u00eddeo-blogs dos candidatos, entre outras atra\u00e7\u00f5es.<\/p>\n","protected":false},"excerpt":{"rendered":"<p>Boomerang Capricho &#8211; Entre looks modernos e descolados, o que se passa no cobi\u00e7ado acervo de figurinos dos editoriais de moda de uma das maiores revistas do Brasil? Quem s\u00e3o as pessoas que montam os visuais das famosas, das modelos e das leitoras, em p\u00e1ginas que determinam tend\u00eancias que v\u00e3o para as ruas? A partir [&hellip;]<\/p>\n","protected":false},"author":3,"featured_media":0,"comment_status":"open","ping_status":"open","sticky":false,"template":"","format":"standard","meta":{"_genesis_hide_title":false,"_genesis_hide_breadcrumbs":false,"_genesis_hide_singular_image":false,"_genesis_hide_footer_widgets":false,"_genesis_custom_body_class":"","_genesis_custom_post_class":"","_genesis_layout":"","_jetpack_memberships_contains_paid_content":false,"footnotes":""},"categories":[22,343],"tags":[],"class_list":{"0":"post-9744","1":"post","2":"type-post","3":"status-publish","4":"format-standard","6":"category-brasil","7":"category-televisao","8":"entry","9":"gs-1","10":"gs-odd","11":"gs-even","12":"gs-featured-content-entry"},"jetpack_featured_media_url":"","jetpack_sharing_enabled":true,"jetpack_likes_enabled":true,"_links":{"self":[{"href":"https:\/\/www.redenoticia.com.br\/noticia\/wp-json\/wp\/v2\/posts\/9744","targetHints":{"allow":["GET"]}}],"collection":[{"href":"https:\/\/www.redenoticia.com.br\/noticia\/wp-json\/wp\/v2\/posts"}],"about":[{"href":"https:\/\/www.redenoticia.com.br\/noticia\/wp-json\/wp\/v2\/types\/post"}],"author":[{"embeddable":true,"href":"https:\/\/www.redenoticia.com.br\/noticia\/wp-json\/wp\/v2\/users\/3"}],"replies":[{"embeddable":true,"href":"https:\/\/www.redenoticia.com.br\/noticia\/wp-json\/wp\/v2\/comments?post=9744"}],"version-history":[{"count":0,"href":"https:\/\/www.redenoticia.com.br\/noticia\/wp-json\/wp\/v2\/posts\/9744\/revisions"}],"wp:attachment":[{"href":"https:\/\/www.redenoticia.com.br\/noticia\/wp-json\/wp\/v2\/media?parent=9744"}],"wp:term":[{"taxonomy":"category","embeddable":true,"href":"https:\/\/www.redenoticia.com.br\/noticia\/wp-json\/wp\/v2\/categories?post=9744"},{"taxonomy":"post_tag","embeddable":true,"href":"https:\/\/www.redenoticia.com.br\/noticia\/wp-json\/wp\/v2\/tags?post=9744"}],"curies":[{"name":"wp","href":"https:\/\/api.w.org\/{rel}","templated":true}]}}