{"id":9742,"date":"2009-08-26T15:25:06","date_gmt":"2009-08-26T19:25:06","guid":{"rendered":"http:\/\/www.redenoticia.com.br\/noticia\/?p=9742"},"modified":"2009-08-26T15:25:06","modified_gmt":"2009-08-26T19:25:06","slug":"fatecs-abrem-inscricoes-para-desconto-na-taxa-do-vestibular","status":"publish","type":"post","link":"https:\/\/www.redenoticia.com.br\/noticia\/2009\/fatecs-abrem-inscricoes-para-desconto-na-taxa-do-vestibular\/9742","title":{"rendered":"Fatecs abrem inscri\u00e7\u00f5es para desconto na taxa do vestibular"},"content":{"rendered":"<p>A partir desta quinta-feira, 27, os estudantes poder\u00e3o solicitar isen\u00e7\u00e3o e redu\u00e7\u00e3o de 50% na taxa de inscri\u00e7\u00e3o para o vestibular das Faculdades de Tecnologia (Fatecs) do Estado para o 1\u00ba semestre de 2010.\u00a0 Ser\u00e3o oferecidas 6.000 mil isen\u00e7\u00f5es.\u00a0Os candidatos poder\u00e3o pleitear os dois benef\u00edcios, desde que atendam aos requisitos determinados para esta finalidade. Neste caso, devem efetuar duas inscri\u00e7\u00f5es.\u00a0<\/p>\n<p>O pedido dever\u00e1 ser feito at\u00e9 as 15 horas do dia 11 de setembro. Os interessados dever\u00e3o preencher o formul\u00e1rio espec\u00edfico que estar\u00e1 disponibilizado no site <a href=\"http:\/\/www.vestibularfatec.com.br\/\" target=\"_blank\">www.vestibularfatec.com.br<\/a>. Ap\u00f3s o preenchimento deste formul\u00e1rio, \u00e9 preciso guardar o n\u00famero do protocolo.<\/p>\n<p>De 8 a 11 de setembro, das 13 \u00e0s 19 horas (somente nos dias \u00fateis), o candidato dever\u00e1 entregar os documentos comprobat\u00f3rios em um envelope lacrado, na secretaria da Fatec em que se inscreveu para concorrer ao benef\u00edcio.\u00a0<\/p>\n<p>No momento da entrega do envelope, o candidato dever\u00e1 preencher, assinar e entregar o requerimento de solicita\u00e7\u00e3o de isen\u00e7\u00e3o\/redu\u00e7\u00e3o da taxa, que ser\u00e1 fornecido pela secretaria da Fatec. A resposta \u00e0 solicita\u00e7\u00e3o ser\u00e1 divulgada no dia 7 de outubro, somente pela internet.<\/p>\n<p>Requisitos para isen\u00e7\u00e3o<\/p>\n<p>O candidato precisa ter conclu\u00eddo, ou estar concluindo, at\u00e9 2009, o Ensino M\u00e9dio ou a Educa\u00e7\u00e3o de Jovens e Adultos &#8211; EJA (supletivo) em escola p\u00fablica (municipal, estadual ou federal) ou em institui\u00e7\u00e3o particular com concess\u00e3o de bolsa de estudo integral. Al\u00e9m disso, \u00e9 necess\u00e1rio ter renda familiar bruta mensal m\u00e1xima de R$ 465,00 (por pessoa). Se o candidato for independente, a sua renda bruta m\u00e1xima dever\u00e1 ser nesse mesmo valor. O candidato deve tamb\u00e9m residir no Estado de S\u00e3o Paulo.<\/p>\n<p>Documentos necess\u00e1rios<\/p>\n<p>&#8211; c\u00f3pia simples do hist\u00f3rico escolar ou de declara\u00e7\u00e3o escolar da institui\u00e7\u00e3o de ensino, comprovando que cursou integralmente o Ensino M\u00e9dio em escolas da rede p\u00fablica. Em caso de ter cursado o Ensino M\u00e9dio, parcial ou integralmente, em rede particular, com bolsa de estudo integral, \u00e9 necess\u00e1rio anexar o documento da escola que comprove a situa\u00e7\u00e3o.<\/p>\n<p>&#8211; C\u00f3pia simples do comprovante de rendimento de todos os integrantes que comp\u00f5em a renda familiar bruta mensal que residam no mesmo endere\u00e7o do candidato. Os trabalhadores do com\u00e9rcio informal devem fazer uma declara\u00e7\u00e3o por escrito especificando seu rendimento mensal, com assinatura de duas testemunhas que n\u00e3o sejam parentes do candidato. O candidato que estiver desempregado deve declarar por escrito essa condi\u00e7\u00e3o, conforme modelo dispon\u00edvel no site, ou anexar xeroc\u00f3pia das folhas de rosto da carteira profissional e da rescis\u00e3o de contrato ou similar.<\/p>\n<p>&#8211; C\u00f3pia simples de comprovante de resid\u00eancia recente ou declara\u00e7\u00e3o por escrito da condi\u00e7\u00e3o de moradia.<\/p>\n<p>\u00a0<\/p>\n<p>Do Centro Paula Souza<\/p>\n","protected":false},"excerpt":{"rendered":"<p>A partir desta quinta-feira, 27, os estudantes poder\u00e3o solicitar isen\u00e7\u00e3o e redu\u00e7\u00e3o de 50% na taxa de inscri\u00e7\u00e3o para o vestibular das Faculdades de Tecnologia (Fatecs) do Estado para o 1\u00ba semestre de 2010.\u00a0 Ser\u00e3o oferecidas 6.000 mil isen\u00e7\u00f5es.\u00a0Os candidatos poder\u00e3o pleitear os dois benef\u00edcios, desde que atendam aos requisitos determinados para esta finalidade. Neste [&hellip;]<\/p>\n","protected":false},"author":3,"featured_media":0,"comment_status":"open","ping_status":"open","sticky":false,"template":"","format":"standard","meta":{"_genesis_hide_title":false,"_genesis_hide_breadcrumbs":false,"_genesis_hide_singular_image":false,"_genesis_hide_footer_widgets":false,"_genesis_custom_body_class":"","_genesis_custom_post_class":"","_genesis_layout":"","_jetpack_memberships_contains_paid_content":false,"footnotes":""},"categories":[22],"tags":[],"class_list":{"0":"post-9742","1":"post","2":"type-post","3":"status-publish","4":"format-standard","6":"category-brasil","7":"entry","8":"gs-1","9":"gs-odd","10":"gs-even","11":"gs-featured-content-entry"},"jetpack_featured_media_url":"","jetpack_sharing_enabled":true,"jetpack_likes_enabled":true,"_links":{"self":[{"href":"https:\/\/www.redenoticia.com.br\/noticia\/wp-json\/wp\/v2\/posts\/9742","targetHints":{"allow":["GET"]}}],"collection":[{"href":"https:\/\/www.redenoticia.com.br\/noticia\/wp-json\/wp\/v2\/posts"}],"about":[{"href":"https:\/\/www.redenoticia.com.br\/noticia\/wp-json\/wp\/v2\/types\/post"}],"author":[{"embeddable":true,"href":"https:\/\/www.redenoticia.com.br\/noticia\/wp-json\/wp\/v2\/users\/3"}],"replies":[{"embeddable":true,"href":"https:\/\/www.redenoticia.com.br\/noticia\/wp-json\/wp\/v2\/comments?post=9742"}],"version-history":[{"count":0,"href":"https:\/\/www.redenoticia.com.br\/noticia\/wp-json\/wp\/v2\/posts\/9742\/revisions"}],"wp:attachment":[{"href":"https:\/\/www.redenoticia.com.br\/noticia\/wp-json\/wp\/v2\/media?parent=9742"}],"wp:term":[{"taxonomy":"category","embeddable":true,"href":"https:\/\/www.redenoticia.com.br\/noticia\/wp-json\/wp\/v2\/categories?post=9742"},{"taxonomy":"post_tag","embeddable":true,"href":"https:\/\/www.redenoticia.com.br\/noticia\/wp-json\/wp\/v2\/tags?post=9742"}],"curies":[{"name":"wp","href":"https:\/\/api.w.org\/{rel}","templated":true}]}}