{"id":97346,"date":"2016-10-14T06:55:09","date_gmt":"2016-10-14T09:55:09","guid":{"rendered":"http:\/\/www.redenoticia.com.br\/noticia\/?p=97346"},"modified":"2016-10-13T17:56:08","modified_gmt":"2016-10-13T20:56:08","slug":"instituicoes-financeiras-estimam-leve-reducao-no-deficit-do-governo-central","status":"publish","type":"post","link":"https:\/\/www.redenoticia.com.br\/noticia\/2016\/instituicoes-financeiras-estimam-leve-reducao-no-deficit-do-governo-central\/97346","title":{"rendered":"Institui\u00e7\u00f5es financeiras estimam leve redu\u00e7\u00e3o no d\u00e9ficit do Governo Central"},"content":{"rendered":"<p> Institui\u00e7\u00f5es financeiras consultadas pelo Minist\u00e9rio da Fazenda esperam que o <strong><em>d\u00e9ficit prim\u00e1rio<\/em><\/strong> do Governo Central (Tesouro Nacional, Previd\u00eancia Social e Banco Central) termine este ano em R$ 159,8 bilh\u00f5es ante os R$ 160,3 bilh\u00f5es previstos anteriormente.<\/p>\n<p>A proje\u00e7\u00e3o consta da pesquisa Prisma Fiscal divulgada mensalmente e elaborada pela Secretaria de Pol\u00edtica Econ\u00f4mica do Minist\u00e9rio da Fazenda, com base em informa\u00e7\u00f5es de 30 institui\u00e7\u00f5es financeiras. O resultado foi divulgado em Bras\u00edlia.<\/p>\n<p>Para 2017, a estimativa de d\u00e9ficit passou de R$ 140,1 bilh\u00f5es para R$ 145,3 bilh\u00f5es. A proje\u00e7\u00e3o para a arrecada\u00e7\u00e3o federal este ano permanece pr\u00f3xima de R$ 1,269 trilh\u00e3o e para 2017 a estimativa chega a R$ 1,354 trilh\u00e3o.<\/p>\n<p>Para a receita l\u00edquida do Governo Central a estimativa \u00e9 que caia de R$ 1,082 trilh\u00e3o este ano para R$ 1,078 trilh\u00e3o e, no ano que vem, apresente tamb\u00e9m queda, registrando R$ 1,171 trilh\u00e3o. Para as despesas, a expectativa \u00e9 de queda de R$ 1,241 trilh\u00e3o para R$ 1,237 trilh\u00e3o este ano, e passe de R$ 1,320 trilh\u00e3o para R$ 1,316 trilh\u00e3o em 2017.<\/p>\n<p>A pesquisa apresenta tamb\u00e9m a proje\u00e7\u00e3o para a d\u00edvida bruta do Governo Central, que, na avalia\u00e7\u00e3o das institui\u00e7\u00f5es financeiras, deve ficar em 73,50% do Produto Interno Bruto (PIB) este ano. Para 2017, a estimativa passou de 78,40 para 78,20% do PIB \u2013 a soma de todas as riquezas produzidas pelo pa\u00eds.<\/p>\n<p>Da Ag\u00eancia Brasil<br \/>\nEdi\u00e7\u00e3o: Kleber Sampaio<br \/>\n14\/10\/2016<\/p>\n","protected":false},"excerpt":{"rendered":"<p>Institui\u00e7\u00f5es financeiras consultadas pelo Minist\u00e9rio da Fazenda esperam que o d\u00e9ficit prim\u00e1rio do Governo Central (Tesouro Nacional, Previd\u00eancia Social e Banco Central) termine este ano em R$ 159,8 bilh\u00f5es ante os R$ 160,3 bilh\u00f5es previstos anteriormente. A proje\u00e7\u00e3o consta da pesquisa Prisma Fiscal divulgada mensalmente e elaborada pela Secretaria de Pol\u00edtica Econ\u00f4mica do Minist\u00e9rio da [&hellip;]<\/p>\n","protected":false},"author":2,"featured_media":57584,"comment_status":"open","ping_status":"closed","sticky":false,"template":"","format":"standard","meta":{"_genesis_hide_title":false,"_genesis_hide_breadcrumbs":false,"_genesis_hide_singular_image":false,"_genesis_hide_footer_widgets":false,"_genesis_custom_body_class":"","_genesis_custom_post_class":"","_genesis_layout":"","_jetpack_memberships_contains_paid_content":false,"footnotes":""},"categories":[22,7],"tags":[],"class_list":{"0":"post-97346","1":"post","2":"type-post","3":"status-publish","4":"format-standard","5":"has-post-thumbnail","7":"category-brasil","8":"category-economia","9":"entry","10":"gs-1","11":"gs-odd","12":"gs-even","13":"gs-featured-content-entry"},"jetpack_featured_media_url":"https:\/\/www.redenoticia.com.br\/noticia\/imagens\/economia-grafica-analise-inflacao.jpg","jetpack_sharing_enabled":true,"jetpack_likes_enabled":true,"_links":{"self":[{"href":"https:\/\/www.redenoticia.com.br\/noticia\/wp-json\/wp\/v2\/posts\/97346","targetHints":{"allow":["GET"]}}],"collection":[{"href":"https:\/\/www.redenoticia.com.br\/noticia\/wp-json\/wp\/v2\/posts"}],"about":[{"href":"https:\/\/www.redenoticia.com.br\/noticia\/wp-json\/wp\/v2\/types\/post"}],"author":[{"embeddable":true,"href":"https:\/\/www.redenoticia.com.br\/noticia\/wp-json\/wp\/v2\/users\/2"}],"replies":[{"embeddable":true,"href":"https:\/\/www.redenoticia.com.br\/noticia\/wp-json\/wp\/v2\/comments?post=97346"}],"version-history":[{"count":0,"href":"https:\/\/www.redenoticia.com.br\/noticia\/wp-json\/wp\/v2\/posts\/97346\/revisions"}],"wp:featuredmedia":[{"embeddable":true,"href":"https:\/\/www.redenoticia.com.br\/noticia\/wp-json\/wp\/v2\/media\/57584"}],"wp:attachment":[{"href":"https:\/\/www.redenoticia.com.br\/noticia\/wp-json\/wp\/v2\/media?parent=97346"}],"wp:term":[{"taxonomy":"category","embeddable":true,"href":"https:\/\/www.redenoticia.com.br\/noticia\/wp-json\/wp\/v2\/categories?post=97346"},{"taxonomy":"post_tag","embeddable":true,"href":"https:\/\/www.redenoticia.com.br\/noticia\/wp-json\/wp\/v2\/tags?post=97346"}],"curies":[{"name":"wp","href":"https:\/\/api.w.org\/{rel}","templated":true}]}}