{"id":97344,"date":"2016-10-14T06:54:11","date_gmt":"2016-10-14T09:54:11","guid":{"rendered":"http:\/\/www.redenoticia.com.br\/noticia\/?p=97344"},"modified":"2016-10-13T17:55:05","modified_gmt":"2016-10-13T20:55:05","slug":"governo-amplia-prazo-para-municipios-elaborarem-plano-de-mobilidade-urbana","status":"publish","type":"post","link":"https:\/\/www.redenoticia.com.br\/noticia\/2016\/governo-amplia-prazo-para-municipios-elaborarem-plano-de-mobilidade-urbana\/97344","title":{"rendered":"Governo amplia prazo para munic\u00edpios elaborarem Plano de Mobilidade Urbana"},"content":{"rendered":"<p> O governo federal editou medida provis\u00f3ria (MP) que altera a Lei 12.587 de 3 de janeiro de 2012, que institui as diretrizes da Pol\u00edtica Nacional de <strong><em>Mobilidade Urbana<\/em><\/strong>. A MP foi publicada no Di\u00e1rio Oficial da Uni\u00e3o.<\/p>\n<p>O objetivo da MP foi mudar o prazo de tr\u00eas para sete anos para que os munic\u00edpios elaborem o Plano de Mobilidade Urbana. O prazo tamb\u00e9m mudou de tr\u00eas para sete anos para que o Plano de Mobilidade Urbana seja integrado ao plano diretor municipal, existente ou em elabora\u00e7\u00e3o, contado da data de vig\u00eancia da lei 12.587\/2012. Encerrado o prazo, os munic\u00edpios ficam impedidos de receber recursos or\u00e7ament\u00e1rios federais destinados \u00e0 mobilidade urbana at\u00e9 que atendam \u00e0 exig\u00eancia estabelecida na lei.<\/p>\n<p>O Plano de Mobilidade Urbana dever\u00e1 contemplar os servi\u00e7os de transporte p\u00fablico coletivo; a circula\u00e7\u00e3o vi\u00e1ria; as infraestruturas do sistema de mobilidade urbana; a acessibilidade para pessoas com defici\u00eancia e restri\u00e7\u00e3o de mobilidade; a integra\u00e7\u00e3o dos modos de transporte p\u00fablico e destes com os privados e os n\u00e3o motorizados; a opera\u00e7\u00e3o e o disciplinamento do transporte de carga na infraestrutura vi\u00e1ria; os polos geradores de viagens; as \u00e1reas de estacionamentos p\u00fablicos e privados, gratuitos ou pagos; as \u00e1reas e hor\u00e1rios de acesso e circula\u00e7\u00e3o restrita ou controlada; al\u00e9m dos mecanismos e instrumentos de financiamento do transporte p\u00fablico coletivo e da infraestrutura de mobilidade urbana.<\/p>\n<p>Da Ag\u00eancia Brasil<br \/>\nEdi\u00e7\u00e3o: Denise Griesinger<br \/>\n14\/10\/2016<\/p>\n","protected":false},"excerpt":{"rendered":"<p>O governo federal editou medida provis\u00f3ria (MP) que altera a Lei 12.587 de 3 de janeiro de 2012, que institui as diretrizes da Pol\u00edtica Nacional de Mobilidade Urbana. A MP foi publicada no Di\u00e1rio Oficial da Uni\u00e3o. O objetivo da MP foi mudar o prazo de tr\u00eas para sete anos para que os munic\u00edpios elaborem [&hellip;]<\/p>\n","protected":false},"author":2,"featured_media":28951,"comment_status":"open","ping_status":"closed","sticky":false,"template":"","format":"standard","meta":{"_genesis_hide_title":false,"_genesis_hide_breadcrumbs":false,"_genesis_hide_singular_image":false,"_genesis_hide_footer_widgets":false,"_genesis_custom_body_class":"","_genesis_custom_post_class":"","_genesis_layout":"","_jetpack_memberships_contains_paid_content":false,"footnotes":""},"categories":[22],"tags":[],"class_list":{"0":"post-97344","1":"post","2":"type-post","3":"status-publish","4":"format-standard","5":"has-post-thumbnail","7":"category-brasil","8":"entry","9":"gs-1","10":"gs-odd","11":"gs-even","12":"gs-featured-content-entry"},"jetpack_featured_media_url":"https:\/\/www.redenoticia.com.br\/noticia\/imagens\/concurso-inscricao-vagas-ate.jpg","jetpack_sharing_enabled":true,"jetpack_likes_enabled":true,"_links":{"self":[{"href":"https:\/\/www.redenoticia.com.br\/noticia\/wp-json\/wp\/v2\/posts\/97344","targetHints":{"allow":["GET"]}}],"collection":[{"href":"https:\/\/www.redenoticia.com.br\/noticia\/wp-json\/wp\/v2\/posts"}],"about":[{"href":"https:\/\/www.redenoticia.com.br\/noticia\/wp-json\/wp\/v2\/types\/post"}],"author":[{"embeddable":true,"href":"https:\/\/www.redenoticia.com.br\/noticia\/wp-json\/wp\/v2\/users\/2"}],"replies":[{"embeddable":true,"href":"https:\/\/www.redenoticia.com.br\/noticia\/wp-json\/wp\/v2\/comments?post=97344"}],"version-history":[{"count":0,"href":"https:\/\/www.redenoticia.com.br\/noticia\/wp-json\/wp\/v2\/posts\/97344\/revisions"}],"wp:featuredmedia":[{"embeddable":true,"href":"https:\/\/www.redenoticia.com.br\/noticia\/wp-json\/wp\/v2\/media\/28951"}],"wp:attachment":[{"href":"https:\/\/www.redenoticia.com.br\/noticia\/wp-json\/wp\/v2\/media?parent=97344"}],"wp:term":[{"taxonomy":"category","embeddable":true,"href":"https:\/\/www.redenoticia.com.br\/noticia\/wp-json\/wp\/v2\/categories?post=97344"},{"taxonomy":"post_tag","embeddable":true,"href":"https:\/\/www.redenoticia.com.br\/noticia\/wp-json\/wp\/v2\/tags?post=97344"}],"curies":[{"name":"wp","href":"https:\/\/api.w.org\/{rel}","templated":true}]}}