{"id":97342,"date":"2016-10-14T06:53:24","date_gmt":"2016-10-14T09:53:24","guid":{"rendered":"http:\/\/www.redenoticia.com.br\/noticia\/?p=97342"},"modified":"2016-10-13T17:54:08","modified_gmt":"2016-10-13T20:54:08","slug":"tse-autoriza-envio-de-tropas-federais-para-sao-luis-no-segundo-turno","status":"publish","type":"post","link":"https:\/\/www.redenoticia.com.br\/noticia\/2016\/tse-autoriza-envio-de-tropas-federais-para-sao-luis-no-segundo-turno\/97342","title":{"rendered":"TSE autoriza envio de tropas federais para S\u00e3o Lu\u00eds no segundo turno"},"content":{"rendered":"<p> O Plen\u00e1rio do Tribunal Superior Eleitoral (TSE) autorizou o envio de For\u00e7a Federal para a cidade de S\u00e3o Lu\u00eds, capital do Maranh\u00e3o. As tropas v\u00e3o atuar durante a elei\u00e7\u00e3o e apura\u00e7\u00e3o de votos do <strong><em>segundo turno das elei\u00e7\u00f5es<\/em><\/strong> municipais, que acontece no domingo, dia 30 de outubro.<\/p>\n<p>O relator da a\u00e7\u00e3o, ministro Henrique Neves, disse que para aceitar o pedido levou em conta os casos de viol\u00eancia registrados durante o primeiro turno.<\/p>\n<p> Poucos dias antes do pleito, foram registrados ataques criminosos a locais onde seria realizada a vota\u00e7\u00e3o. Na madrugada do dia do primeiro turno foram sete ocorr\u00eancias entre ataques a pr\u00e9dios p\u00fablicos e ve\u00edculos na capital maranhense.<\/p>\n<p>Uma opera\u00e7\u00e3o realizada na cidade confirmou que detentos do Complexo Penitenci\u00e1rio de Pedrinhas estavam entre os mandantes dos crimes.<\/p>\n<p>As tropas come\u00e7am a atuar na cidade a partir de 48 horas antes da vota\u00e7\u00e3o.<\/p>\n<p>Segundo informa\u00e7\u00f5es do TSE outros dois pedidos de atua\u00e7\u00e3o da For\u00e7a Federal j\u00e1 foram feitos ao tribunal. A Corte vai analisar um pedido de Fortaleza (CE) e outro do Rio de Janeiro (RJ).<\/p>\n<p>Mich\u00e8lle Canes \u2013 Rep\u00f3rter da Ag\u00eancia Brasil<br \/>\nEdi\u00e7\u00e3o: Denise Griesinger<br \/>\n14\/10\/2016<\/p>\n","protected":false},"excerpt":{"rendered":"<p>O Plen\u00e1rio do Tribunal Superior Eleitoral (TSE) autorizou o envio de For\u00e7a Federal para a cidade de S\u00e3o Lu\u00eds, capital do Maranh\u00e3o. As tropas v\u00e3o atuar durante a elei\u00e7\u00e3o e apura\u00e7\u00e3o de votos do segundo turno das elei\u00e7\u00f5es municipais, que acontece no domingo, dia 30 de outubro. O relator da a\u00e7\u00e3o, ministro Henrique Neves, disse [&hellip;]<\/p>\n","protected":false},"author":2,"featured_media":39956,"comment_status":"open","ping_status":"closed","sticky":false,"template":"","format":"standard","meta":{"_genesis_hide_title":false,"_genesis_hide_breadcrumbs":false,"_genesis_hide_singular_image":false,"_genesis_hide_footer_widgets":false,"_genesis_custom_body_class":"","_genesis_custom_post_class":"","_genesis_layout":"","_jetpack_memberships_contains_paid_content":false,"footnotes":""},"categories":[22],"tags":[],"class_list":{"0":"post-97342","1":"post","2":"type-post","3":"status-publish","4":"format-standard","5":"has-post-thumbnail","7":"category-brasil","8":"entry","9":"gs-1","10":"gs-odd","11":"gs-even","12":"gs-featured-content-entry"},"jetpack_featured_media_url":"https:\/\/www.redenoticia.com.br\/noticia\/imagens\/eleicao-voto-campanha-eleitoral-resultado.jpg","jetpack_sharing_enabled":true,"jetpack_likes_enabled":true,"_links":{"self":[{"href":"https:\/\/www.redenoticia.com.br\/noticia\/wp-json\/wp\/v2\/posts\/97342","targetHints":{"allow":["GET"]}}],"collection":[{"href":"https:\/\/www.redenoticia.com.br\/noticia\/wp-json\/wp\/v2\/posts"}],"about":[{"href":"https:\/\/www.redenoticia.com.br\/noticia\/wp-json\/wp\/v2\/types\/post"}],"author":[{"embeddable":true,"href":"https:\/\/www.redenoticia.com.br\/noticia\/wp-json\/wp\/v2\/users\/2"}],"replies":[{"embeddable":true,"href":"https:\/\/www.redenoticia.com.br\/noticia\/wp-json\/wp\/v2\/comments?post=97342"}],"version-history":[{"count":0,"href":"https:\/\/www.redenoticia.com.br\/noticia\/wp-json\/wp\/v2\/posts\/97342\/revisions"}],"wp:featuredmedia":[{"embeddable":true,"href":"https:\/\/www.redenoticia.com.br\/noticia\/wp-json\/wp\/v2\/media\/39956"}],"wp:attachment":[{"href":"https:\/\/www.redenoticia.com.br\/noticia\/wp-json\/wp\/v2\/media?parent=97342"}],"wp:term":[{"taxonomy":"category","embeddable":true,"href":"https:\/\/www.redenoticia.com.br\/noticia\/wp-json\/wp\/v2\/categories?post=97342"},{"taxonomy":"post_tag","embeddable":true,"href":"https:\/\/www.redenoticia.com.br\/noticia\/wp-json\/wp\/v2\/tags?post=97342"}],"curies":[{"name":"wp","href":"https:\/\/api.w.org\/{rel}","templated":true}]}}