{"id":9726,"date":"2009-08-26T10:42:29","date_gmt":"2009-08-26T14:42:29","guid":{"rendered":"http:\/\/www.redenoticia.com.br\/noticia\/?p=9726"},"modified":"2009-08-26T10:42:29","modified_gmt":"2009-08-26T14:42:29","slug":"inss-segundo-dia-do-pagamento-de-aposentadoria-e-beneficios-sera-nesta-quarta-feira","status":"publish","type":"post","link":"https:\/\/www.redenoticia.com.br\/noticia\/2009\/inss-segundo-dia-do-pagamento-de-aposentadoria-e-beneficios-sera-nesta-quarta-feira\/9726","title":{"rendered":"INSS Segundo dia do pagamento de aposentadoria e benef\u00edcios ser\u00e1 nesta quarta-feira"},"content":{"rendered":"<p><a href=\"https:\/\/www.redenoticia.com.br\/noticia\/imagens\/\/aposentadoria.jpg\"><img loading=\"lazy\" decoding=\"async\" class=\"alignleft size-full wp-image-8638\" title=\"aposentadoria\" src=\"https:\/\/www.redenoticia.com.br\/noticia\/imagens\/\/aposentadoria.jpg\" alt=\"aposentadoria\" width=\"150\" height=\"113\" \/><\/a>INSS &#8211; Os benef\u00edcios com cart\u00e3o de final 2 e no valor de at\u00e9 um sal\u00e1rio m\u00ednimo ser\u00e3o creditados nesta quarta-feira (26) pelo Instituto Nacional do Seguro Social (INSS). Tamb\u00e9m ser\u00e1 paga a primeira parcela do 13\u00ba sal\u00e1rio a quem tem direito. Ao todo, a primeira parte do abono natalino ser\u00e1 pago a 22,8 milh\u00f5es de benefici\u00e1rios at\u00e9 dia 8 de setembro.\u00a0A primeira parcela do abono, de 50% do valor do 13\u00ba, representa uma inje\u00e7\u00e3o extra na economia de R$ 7, 982 bilh\u00f5es nos meses de agosto e setembro, al\u00e9m dos cerca de R$ 17 bilh\u00f5es do benef\u00edcio mensal. Segundo o INSS os benefici\u00e1rios que quiserem, podem consultar o extrato mensal de pagamento na p\u00e1gina do Minist\u00e9rio da Previd\u00eancia Social na internet.\u00a0<\/p>\n<p>Os segurados devem ficar atentos, pois o desconto do Imposto de Renda (IR) que encontrar\u00e3o no contracheque deste m\u00eas, dispon\u00edvel na internet (www.previdencia.gov.br), refere-se apenas ao valor referente ao benef\u00edcio mensal. De acordo com a legisla\u00e7\u00e3o, n\u00e3o incide sobre a parcela do abono o desconto do IR, que s\u00f3 ser\u00e1 aplicado em dezembro, quando o INSS pagar\u00e1 a segunda parcela.<\/p>\n<p>A antecipa\u00e7\u00e3o do 13\u00ba ser\u00e1 mantida at\u00e9 2010 e, a cada ano, \u00e9 preciso ser editado novo decreto estabelecendo a antecipa\u00e7\u00e3o pelo INSS.<\/p>\n<p><strong>Valores &#8211;<\/strong> Aposentados e pensionistas do INSS, em sua maioria, receber\u00e3o 50% do valor do benef\u00edcio. A exce\u00e7\u00e3o \u00e9 para quem passou a receber o benef\u00edcio depois de janeiro. Neste caso, o valor ser\u00e1 calculado proporcionalmente.<\/p>\n<p>Os segurados que est\u00e3o em aux\u00edlio-doen\u00e7a tamb\u00e9m recebem uma parcela menor que os 50%. Como esse benef\u00edcio \u00e9 tempor\u00e1rio, o INSS calcula a antecipa\u00e7\u00e3o proporcional ao per\u00edodo. Por exemplo, um benef\u00edcio iniciado em janeiro e ainda em vigor em agosto ter\u00e1 o 13\u00ba terceiro sal\u00e1rio calculado sobre oito meses. O segurado receber\u00e1, portanto, metade deste valor. Em dezembro, caso ainda esteja afastado, o segurado ir\u00e1 receber o restante. Se tiver alta antes, o valor ser\u00e1 calculado at\u00e9 o m\u00eas em que o benef\u00edcio vigorar e acrescido ao \u00faltimo pagamento do benef\u00edcio.<\/p>\n<p>Por lei, n\u00e3o t\u00eam direito ao 13\u00ba sal\u00e1rio os seguintes benef\u00edcios: amparo previdenci\u00e1rio do trabalhador rural, renda mensal vital\u00edcia, amparo assistencial ao idoso e ao deficiente, aux\u00edlio-suplementar por acidente de trabalho, pens\u00e3o mensal vital\u00edcia, abono de perman\u00eancia em servi\u00e7o, vantagem do servidor aposentado pela autarquia empregadora e sal\u00e1rio-fam\u00edlia.<br \/>\nINSS ACS\/MPS<\/p>\n","protected":false},"excerpt":{"rendered":"<p>INSS &#8211; Os benef\u00edcios com cart\u00e3o de final 2 e no valor de at\u00e9 um sal\u00e1rio m\u00ednimo ser\u00e3o creditados nesta quarta-feira (26) pelo Instituto Nacional do Seguro Social (INSS). Tamb\u00e9m ser\u00e1 paga a primeira parcela do 13\u00ba sal\u00e1rio a quem tem direito. Ao todo, a primeira parte do abono natalino ser\u00e1 pago a 22,8 milh\u00f5es [&hellip;]<\/p>\n","protected":false},"author":3,"featured_media":0,"comment_status":"open","ping_status":"open","sticky":false,"template":"","format":"standard","meta":{"_genesis_hide_title":false,"_genesis_hide_breadcrumbs":false,"_genesis_hide_singular_image":false,"_genesis_hide_footer_widgets":false,"_genesis_custom_body_class":"","_genesis_custom_post_class":"","_genesis_layout":"","_jetpack_memberships_contains_paid_content":false,"footnotes":""},"categories":[22,7],"tags":[],"class_list":{"0":"post-9726","1":"post","2":"type-post","3":"status-publish","4":"format-standard","6":"category-brasil","7":"category-economia","8":"entry","9":"gs-1","10":"gs-odd","11":"gs-even","12":"gs-featured-content-entry"},"jetpack_featured_media_url":"","jetpack_sharing_enabled":true,"jetpack_likes_enabled":true,"_links":{"self":[{"href":"https:\/\/www.redenoticia.com.br\/noticia\/wp-json\/wp\/v2\/posts\/9726","targetHints":{"allow":["GET"]}}],"collection":[{"href":"https:\/\/www.redenoticia.com.br\/noticia\/wp-json\/wp\/v2\/posts"}],"about":[{"href":"https:\/\/www.redenoticia.com.br\/noticia\/wp-json\/wp\/v2\/types\/post"}],"author":[{"embeddable":true,"href":"https:\/\/www.redenoticia.com.br\/noticia\/wp-json\/wp\/v2\/users\/3"}],"replies":[{"embeddable":true,"href":"https:\/\/www.redenoticia.com.br\/noticia\/wp-json\/wp\/v2\/comments?post=9726"}],"version-history":[{"count":0,"href":"https:\/\/www.redenoticia.com.br\/noticia\/wp-json\/wp\/v2\/posts\/9726\/revisions"}],"wp:attachment":[{"href":"https:\/\/www.redenoticia.com.br\/noticia\/wp-json\/wp\/v2\/media?parent=9726"}],"wp:term":[{"taxonomy":"category","embeddable":true,"href":"https:\/\/www.redenoticia.com.br\/noticia\/wp-json\/wp\/v2\/categories?post=9726"},{"taxonomy":"post_tag","embeddable":true,"href":"https:\/\/www.redenoticia.com.br\/noticia\/wp-json\/wp\/v2\/tags?post=9726"}],"curies":[{"name":"wp","href":"https:\/\/api.w.org\/{rel}","templated":true}]}}