{"id":97235,"date":"2016-10-12T18:45:14","date_gmt":"2016-10-12T21:45:14","guid":{"rendered":"http:\/\/www.redenoticia.com.br\/noticia\/?p=97235"},"modified":"2016-10-12T18:45:14","modified_gmt":"2016-10-12T21:45:14","slug":"novela-abismo-da-paixao-resumo-1310-paloma-segue-vicente-ate-a-casa-de-carmem","status":"publish","type":"post","link":"https:\/\/www.redenoticia.com.br\/noticia\/2016\/novela-abismo-da-paixao-resumo-1310-paloma-segue-vicente-ate-a-casa-de-carmem\/97235","title":{"rendered":"Novela \u201cAbismo da Paix\u00e3o\u201d resumo 13\/10: Paloma segue Vicente at\u00e9 a casa de Carmem"},"content":{"rendered":"<p> <img loading=\"lazy\" decoding=\"async\" class=\"alignleft size-thumbnail wp-image-81978\" src=\"https:\/\/www.redenoticia.com.br\/noticia\/imagens\/abismo_de_paixao_sbt_resumo_novela-150x112.jpg\" alt=\"abismo_de_paixao_sbt_resumo_novela\" width=\"150\" height=\"112\" srcset=\"https:\/\/www.redenoticia.com.br\/noticia\/imagens\/abismo_de_paixao_sbt_resumo_novela-150x112.jpg 150w, https:\/\/www.redenoticia.com.br\/noticia\/imagens\/abismo_de_paixao_sbt_resumo_novela-265x198.jpg 265w\" sizes=\"auto, (max-width: 150px) 100vw, 150px\" \/><strong><em>Novela \u201cAbismo da Paix\u00e3o\u201d resumo 13\/10<\/em><\/strong>: Ramiro diz a Vicente que s\u00f3 o aceita como filho caso ele consiga mais do rem\u00e9dio de Ramona. Depois, Carmem adverte Ramiro que se ele n\u00e3o se desfizer de Vicente, n\u00e3o vai mais viver com ele. Ramiro responde que s\u00f3 est\u00e1 a usar o garoto para ter mais do rem\u00e9dio de Ramona, mas que logo coloca o menino na rua. Vicente encontra Paloma e pede que lhe de o rem\u00e9dio e o ensine a prepar\u00e1-lo. Paloma segue Vicente at\u00e9 a casa de Carmem. L\u00e1, eles se escondem ao verem chegar Ramiro e Carmem, que come\u00e7am a confessar entre eles todos os crimes que cometeram. Ramiro descobre Paloma e Vicente e discute com o garoto. Paloma tenta defend\u00ea-lo.<\/p>\n<p>No cap\u00edtulo 144 (*), novela \u201cAbismo da Paix\u00e3o\u201d, quinta-feira, 13 de outubro \u2013 Br\u00e1ulio pede a Vicente que volte pra casa com Ant\u00f4nia, mas ele se nega a voltar. Ramiro diz a Vicente que o aceitar\u00e1 como filho caso ele consiga mais do rem\u00e9dio de Ramona. No cemit\u00e9rio, Ramos encontra Hor\u00e1cio e o leva a Almerinda. Carmem adverte Ramiro que se ele n\u00e3o se desfizer de Vicente, n\u00e3o ir\u00e1 mais viver com ele. Ramiro responde que s\u00f3 est\u00e1 usando o garoto para ter mais do rem\u00e9dio de Ramona, mas que logo colocar\u00e1 o menino na rua. <\/p>\n<p>Paloma discute com Gael, pois o encontra pedindo a Elisa que lute por sua vida e a beijando. Paloma pede que Gael n\u00e3o a procure mais. Vicente pede a Paloma que o de o rem\u00e9dio de Ramona e o ensine a prepar\u00e1-lo. Paloma segue Vicente at\u00e9 a casa de Carmem. L\u00e1, eles se escondem ao verem chegar Ramiro e Carmem, que come\u00e7am a confessar entre eles todos os crimes que cometeram. <\/p>\n<p>Carmem sai para matar Hor\u00e1cio. Ramiro descobre Paloma e Vicente e discute com o garoto. Paloma tenta defend\u00ea-lo. Elisa est\u00e1 muito mal, e os m\u00e9dicos j\u00e1 n\u00e3o podem fazer nada por ela. Dami\u00e3o decide lev\u00e1-la a fazenda. Almerinda pede a Ramona que fa\u00e7a um ant\u00eddoto para Elisa. Ramona n\u00e3o acredita que possa ajudar, mas faz o rem\u00e9dio e pede auxilio a Estef\u00e2nia. Elisa bebe o rem\u00e9dio e d\u00e1 um sinal de melhora.<\/p>\n<p>(*) edi\u00e7\u00e3o do SBT, Novela \u201cAbismo da Paix\u00e3o\u201d, sujeito a altera\u00e7\u00e3o de data e conte\u00fado.<\/p>\n","protected":false},"excerpt":{"rendered":"<p>Novela \u201cAbismo da Paix\u00e3o\u201d resumo 13\/10: Ramiro diz a Vicente que s\u00f3 o aceita como filho caso ele consiga mais do rem\u00e9dio de Ramona. Depois, Carmem adverte Ramiro que se ele n\u00e3o se desfizer de Vicente, n\u00e3o vai mais viver com ele. Ramiro responde que s\u00f3 est\u00e1 a usar o garoto para ter mais do [&hellip;]<\/p>\n","protected":false},"author":2,"featured_media":81978,"comment_status":"open","ping_status":"closed","sticky":false,"template":"","format":"standard","meta":{"_genesis_hide_title":false,"_genesis_hide_breadcrumbs":false,"_genesis_hide_singular_image":false,"_genesis_hide_footer_widgets":false,"_genesis_custom_body_class":"","_genesis_custom_post_class":"","_genesis_layout":"","_jetpack_memberships_contains_paid_content":false,"footnotes":""},"categories":[379,372,343],"tags":[441],"class_list":{"0":"post-97235","1":"post","2":"type-post","3":"status-publish","4":"format-standard","5":"has-post-thumbnail","7":"category-novelas","8":"category-sbt","9":"category-televisao","10":"tag-resumo-do-dia","11":"entry","12":"gs-1","13":"gs-odd","14":"gs-even","15":"gs-featured-content-entry"},"jetpack_featured_media_url":"https:\/\/www.redenoticia.com.br\/noticia\/imagens\/abismo_de_paixao_sbt_resumo_novela.jpg","jetpack_sharing_enabled":true,"jetpack_likes_enabled":true,"_links":{"self":[{"href":"https:\/\/www.redenoticia.com.br\/noticia\/wp-json\/wp\/v2\/posts\/97235","targetHints":{"allow":["GET"]}}],"collection":[{"href":"https:\/\/www.redenoticia.com.br\/noticia\/wp-json\/wp\/v2\/posts"}],"about":[{"href":"https:\/\/www.redenoticia.com.br\/noticia\/wp-json\/wp\/v2\/types\/post"}],"author":[{"embeddable":true,"href":"https:\/\/www.redenoticia.com.br\/noticia\/wp-json\/wp\/v2\/users\/2"}],"replies":[{"embeddable":true,"href":"https:\/\/www.redenoticia.com.br\/noticia\/wp-json\/wp\/v2\/comments?post=97235"}],"version-history":[{"count":0,"href":"https:\/\/www.redenoticia.com.br\/noticia\/wp-json\/wp\/v2\/posts\/97235\/revisions"}],"wp:featuredmedia":[{"embeddable":true,"href":"https:\/\/www.redenoticia.com.br\/noticia\/wp-json\/wp\/v2\/media\/81978"}],"wp:attachment":[{"href":"https:\/\/www.redenoticia.com.br\/noticia\/wp-json\/wp\/v2\/media?parent=97235"}],"wp:term":[{"taxonomy":"category","embeddable":true,"href":"https:\/\/www.redenoticia.com.br\/noticia\/wp-json\/wp\/v2\/categories?post=97235"},{"taxonomy":"post_tag","embeddable":true,"href":"https:\/\/www.redenoticia.com.br\/noticia\/wp-json\/wp\/v2\/tags?post=97235"}],"curies":[{"name":"wp","href":"https:\/\/api.w.org\/{rel}","templated":true}]}}