{"id":97197,"date":"2016-10-11T17:37:04","date_gmt":"2016-10-11T20:37:04","guid":{"rendered":"http:\/\/www.redenoticia.com.br\/noticia\/?p=97197"},"modified":"2016-10-11T17:37:04","modified_gmt":"2016-10-11T20:37:04","slug":"novela-abismo-da-paixao-resumo-1210-ramiro-diz-a-carmem-que-vai-matar-elisa","status":"publish","type":"post","link":"https:\/\/www.redenoticia.com.br\/noticia\/2016\/novela-abismo-da-paixao-resumo-1210-ramiro-diz-a-carmem-que-vai-matar-elisa\/97197","title":{"rendered":"Novela \u201cAbismo da Paix\u00e3o\u201d resumo 12\/10: Ramiro diz a Carmem que vai matar Elisa"},"content":{"rendered":"<p> <img loading=\"lazy\" decoding=\"async\" class=\"alignleft size-thumbnail wp-image-81978\" src=\"https:\/\/www.redenoticia.com.br\/noticia\/imagens\/abismo_de_paixao_sbt_resumo_novela-150x112.jpg\" alt=\"abismo_de_paixao_sbt_resumo_novela\" width=\"150\" height=\"112\" srcset=\"https:\/\/www.redenoticia.com.br\/noticia\/imagens\/abismo_de_paixao_sbt_resumo_novela-150x112.jpg 150w, https:\/\/www.redenoticia.com.br\/noticia\/imagens\/abismo_de_paixao_sbt_resumo_novela-265x198.jpg 265w\" sizes=\"auto, (max-width: 150px) 100vw, 150px\" \/><strong><em>Novela \u201cAbismo da Paix\u00e3o\u201d resumo 12\/10<\/em><\/strong>: no jardim da fazenda Arango, Carmem aparece e insulta Elisa por ter se casado com Dami\u00e3o. Ramona pede aten\u00e7\u00e3o de todos e revela que Carmem \u00e9 que era amante de Rog\u00e9rio. Edmundo revela que Carmem, quando se casou com Augusto, j\u00e1 estava gr\u00e1vida. Carmem, ao ver-se desmascarada diante de todos, n\u00e3o sabe o que dizer. Enfurecida por ter sido descoberta, sai em disparada e come\u00e7a a delirar, lembrando-se de todas as pessoas que matou. Ela entra em sua casa assustada. Ramiro a diz que vai matar Elisa. Ent\u00e3o, Ramiro segue Elisa e Dami\u00e3o at\u00e9 a cabana que alugaram para passar a lua de mel e deixa uma serpente escondida no local. Elisa e Dami\u00e3o chegam \u00e0 cabana para desfrutarem de seu amor. Sem que eles percebam, a serpente se aproxima e ataca Elisa, que come\u00e7a a se sentir muito mal.<\/p>\n<p>No cap\u00edtulo 143 (*), novela \u201cAbismo da Paix\u00e3o\u201d, quarta-feira, 12 de outubro \u2013 Carmem, enfurecida por ter sido descoberta, sai em disparada e come\u00e7a a delirar, lembrando-se de todas as pessoas que matou. Ela entra em sua casa assustada. Ramiro a diz que matar\u00e1 Elisa. <\/p>\n<p>Gael e Paloma revivem seu amor. Antonia pede ajuda a Br\u00e1ulio para encontrar Vicente. Ramona se zanga porque descobre que Ramiro andou roubando suas ervas do rem\u00e9dio para sua dor de cabe\u00e7a. Carmem chega a cabana de Ramona e amea\u00e7a mat\u00e1-la por t\u00ea-la humilhado diante de todo povoado. <\/p>\n<p>Ramona responde que n\u00e3o teme a morte. Ramiro segue Elisa e Dami\u00e3o at\u00e9 a cabana que alugaram para passar a lua de mel e deixa uma serpente escondida no local. Elisa e Dami\u00e3o chegam a cabana para desfrutarem de seu amor. Sem que eles percebam, a serpente se aproxima e ataca Elisa, que come\u00e7a a se sentir muito mal.<\/p>\n<p>(*) edi\u00e7\u00e3o do SBT, Novela \u201cAbismo da Paix\u00e3o\u201d, sujeito a altera\u00e7\u00e3o de data e conte\u00fado.<\/p>\n","protected":false},"excerpt":{"rendered":"<p>Novela \u201cAbismo da Paix\u00e3o\u201d resumo 12\/10: no jardim da fazenda Arango, Carmem aparece e insulta Elisa por ter se casado com Dami\u00e3o. Ramona pede aten\u00e7\u00e3o de todos e revela que Carmem \u00e9 que era amante de Rog\u00e9rio. Edmundo revela que Carmem, quando se casou com Augusto, j\u00e1 estava gr\u00e1vida. Carmem, ao ver-se desmascarada diante de [&hellip;]<\/p>\n","protected":false},"author":2,"featured_media":81978,"comment_status":"open","ping_status":"closed","sticky":false,"template":"","format":"standard","meta":{"_genesis_hide_title":false,"_genesis_hide_breadcrumbs":false,"_genesis_hide_singular_image":false,"_genesis_hide_footer_widgets":false,"_genesis_custom_body_class":"","_genesis_custom_post_class":"","_genesis_layout":"","_jetpack_memberships_contains_paid_content":false,"footnotes":""},"categories":[379,372,343],"tags":[441],"class_list":{"0":"post-97197","1":"post","2":"type-post","3":"status-publish","4":"format-standard","5":"has-post-thumbnail","7":"category-novelas","8":"category-sbt","9":"category-televisao","10":"tag-resumo-do-dia","11":"entry","12":"gs-1","13":"gs-odd","14":"gs-even","15":"gs-featured-content-entry"},"jetpack_featured_media_url":"https:\/\/www.redenoticia.com.br\/noticia\/imagens\/abismo_de_paixao_sbt_resumo_novela.jpg","jetpack_sharing_enabled":true,"jetpack_likes_enabled":true,"_links":{"self":[{"href":"https:\/\/www.redenoticia.com.br\/noticia\/wp-json\/wp\/v2\/posts\/97197","targetHints":{"allow":["GET"]}}],"collection":[{"href":"https:\/\/www.redenoticia.com.br\/noticia\/wp-json\/wp\/v2\/posts"}],"about":[{"href":"https:\/\/www.redenoticia.com.br\/noticia\/wp-json\/wp\/v2\/types\/post"}],"author":[{"embeddable":true,"href":"https:\/\/www.redenoticia.com.br\/noticia\/wp-json\/wp\/v2\/users\/2"}],"replies":[{"embeddable":true,"href":"https:\/\/www.redenoticia.com.br\/noticia\/wp-json\/wp\/v2\/comments?post=97197"}],"version-history":[{"count":0,"href":"https:\/\/www.redenoticia.com.br\/noticia\/wp-json\/wp\/v2\/posts\/97197\/revisions"}],"wp:featuredmedia":[{"embeddable":true,"href":"https:\/\/www.redenoticia.com.br\/noticia\/wp-json\/wp\/v2\/media\/81978"}],"wp:attachment":[{"href":"https:\/\/www.redenoticia.com.br\/noticia\/wp-json\/wp\/v2\/media?parent=97197"}],"wp:term":[{"taxonomy":"category","embeddable":true,"href":"https:\/\/www.redenoticia.com.br\/noticia\/wp-json\/wp\/v2\/categories?post=97197"},{"taxonomy":"post_tag","embeddable":true,"href":"https:\/\/www.redenoticia.com.br\/noticia\/wp-json\/wp\/v2\/tags?post=97197"}],"curies":[{"name":"wp","href":"https:\/\/api.w.org\/{rel}","templated":true}]}}