{"id":97188,"date":"2016-10-13T06:40:48","date_gmt":"2016-10-13T09:40:48","guid":{"rendered":"http:\/\/www.redenoticia.com.br\/noticia\/?p=97188"},"modified":"2016-10-11T20:24:36","modified_gmt":"2016-10-11T23:24:36","slug":"indice-de-medo-do-desemprego-cai-de-679-para-612-pontos-diz-pesquisa","status":"publish","type":"post","link":"https:\/\/www.redenoticia.com.br\/noticia\/2016\/indice-de-medo-do-desemprego-cai-de-679-para-612-pontos-diz-pesquisa\/97188","title":{"rendered":"\u00cdndice de Medo do Desemprego cai de 67,9 para 61,2 pontos, diz pesquisa"},"content":{"rendered":"<p> O <strong><em>\u00cdndice de Medo do Desemprego<\/em><\/strong> alcan\u00e7ou 61,2 pontos em setembro, valor 6,7 pontos inferior ao de junho, informou a Confedera\u00e7\u00e3o Nacional da Ind\u00fastria (CNI). No mesmo per\u00edodo, o \u00cdndice de Satisfa\u00e7\u00e3o com a Vida aumentou 2,5 pontos e alcan\u00e7ou 67 pontos.<\/p>\n<p>Mesmo com a queda do medo do desemprego e a melhora da satisfa\u00e7\u00e3o com a vida, a situa\u00e7\u00e3o ainda \u00e9 cr\u00edtica, observa a CNI. \u00c9 que o \u00cdndice do Medo do Desemprego est\u00e1 13 pontos acima da m\u00e9dia hist\u00f3rica, que \u00e9 de 48,2 pontos. O \u00cdndice de Satisfa\u00e7\u00e3o com a Vida tamb\u00e9m continua inferior \u00e0 m\u00e9dia hist\u00f3rica de 70 pontos.<\/p>\n<p>De acordo com a pesquisa, o medo do desemprego \u00e9 maior entre as pessoas com renda familiar de at\u00e9 dois sal\u00e1rios m\u00ednimos. O \u00edndice ficou em 66,9 pontos entre os com renda familiar at\u00e9 um sal\u00e1rio m\u00ednimo e em 67,9 pontos entre os com mais de um e at\u00e9 dois sal\u00e1rios m\u00ednimos em setembro, valores superiores \u00e0 m\u00e9dia nacional de 61,2 pontos.<\/p>\n<p>Entre as pessoas que ganham mais de cinco sal\u00e1rios m\u00ednimos, o \u00edndice foi de 49,8 pontos. O medo do desemprego \u00e9 maior que a m\u00e9dia brasileira entre as pessoas que t\u00eam ensino m\u00e9dio. Nesse segmento da popula\u00e7\u00e3o, o indicador foi de 64 pontos em setembro.<\/p>\n<p>Satisfa\u00e7\u00e3o com a vida<\/p>\n<p>As pessoas que recebem menos tamb\u00e9m s\u00e3o as menos satisfeitas com a vida. Entre os que recebem at\u00e9 um sal\u00e1rio m\u00ednimo, o \u00edndice foi de 65 pontos. Entre os que ganham mais de cinco sal\u00e1rios m\u00ednimos, o indicador alcan\u00e7ou 70,9 pontos em setembro.<\/p>\n<p>A pesquisa da CNI ouviu 2.002 pessoas em 143 munic\u00edpios entre 20 e 25 de setembro.<\/p>\n<p>A CNI informou ainda que houve mudan\u00e7a na metodologia de c\u00e1lculo dos \u00edndices. Os \u00edndices de medo do desemprego e de satisfa\u00e7\u00e3o com a vida eram indicadores de base fixa, com a m\u00e9dia de 2003 = 100.<\/p>\n<p>A partir deste m\u00eas, passam a ser divulgados como indicadores de difus\u00e3o. Na nova metodologia, os dois \u00edndices variam de zero a cem pontos. Quanto maior o valor do \u00edndice do medo do desemprego, maior \u00e9 o medo do desemprego. Quanto maior o valor do \u00edndice de satisfa\u00e7\u00e3o com a vida, maior \u00e9 a satisfa\u00e7\u00e3o com a vida.<\/p>\n<p>Da Ag\u00eancia Brasil<br \/>\nEdi\u00e7\u00e3o: Kleber Sampaio<br \/>\n12\/10\/2016 <\/p>\n","protected":false},"excerpt":{"rendered":"<p>O \u00cdndice de Medo do Desemprego alcan\u00e7ou 61,2 pontos em setembro, valor 6,7 pontos inferior ao de junho, informou a Confedera\u00e7\u00e3o Nacional da Ind\u00fastria (CNI). No mesmo per\u00edodo, o \u00cdndice de Satisfa\u00e7\u00e3o com a Vida aumentou 2,5 pontos e alcan\u00e7ou 67 pontos. Mesmo com a queda do medo do desemprego e a melhora da satisfa\u00e7\u00e3o [&hellip;]<\/p>\n","protected":false},"author":2,"featured_media":57585,"comment_status":"open","ping_status":"closed","sticky":false,"template":"","format":"standard","meta":{"_genesis_hide_title":false,"_genesis_hide_breadcrumbs":false,"_genesis_hide_singular_image":false,"_genesis_hide_footer_widgets":false,"_genesis_custom_body_class":"","_genesis_custom_post_class":"","_genesis_layout":"","_jetpack_memberships_contains_paid_content":false,"footnotes":""},"categories":[22,7],"tags":[],"class_list":{"0":"post-97188","1":"post","2":"type-post","3":"status-publish","4":"format-standard","5":"has-post-thumbnail","7":"category-brasil","8":"category-economia","9":"entry","10":"gs-1","11":"gs-odd","12":"gs-even","13":"gs-featured-content-entry"},"jetpack_featured_media_url":"https:\/\/www.redenoticia.com.br\/noticia\/imagens\/analise-economia.jpg","jetpack_sharing_enabled":true,"jetpack_likes_enabled":true,"_links":{"self":[{"href":"https:\/\/www.redenoticia.com.br\/noticia\/wp-json\/wp\/v2\/posts\/97188","targetHints":{"allow":["GET"]}}],"collection":[{"href":"https:\/\/www.redenoticia.com.br\/noticia\/wp-json\/wp\/v2\/posts"}],"about":[{"href":"https:\/\/www.redenoticia.com.br\/noticia\/wp-json\/wp\/v2\/types\/post"}],"author":[{"embeddable":true,"href":"https:\/\/www.redenoticia.com.br\/noticia\/wp-json\/wp\/v2\/users\/2"}],"replies":[{"embeddable":true,"href":"https:\/\/www.redenoticia.com.br\/noticia\/wp-json\/wp\/v2\/comments?post=97188"}],"version-history":[{"count":0,"href":"https:\/\/www.redenoticia.com.br\/noticia\/wp-json\/wp\/v2\/posts\/97188\/revisions"}],"wp:featuredmedia":[{"embeddable":true,"href":"https:\/\/www.redenoticia.com.br\/noticia\/wp-json\/wp\/v2\/media\/57585"}],"wp:attachment":[{"href":"https:\/\/www.redenoticia.com.br\/noticia\/wp-json\/wp\/v2\/media?parent=97188"}],"wp:term":[{"taxonomy":"category","embeddable":true,"href":"https:\/\/www.redenoticia.com.br\/noticia\/wp-json\/wp\/v2\/categories?post=97188"},{"taxonomy":"post_tag","embeddable":true,"href":"https:\/\/www.redenoticia.com.br\/noticia\/wp-json\/wp\/v2\/tags?post=97188"}],"curies":[{"name":"wp","href":"https:\/\/api.w.org\/{rel}","templated":true}]}}