{"id":97186,"date":"2016-10-13T06:39:50","date_gmt":"2016-10-13T09:39:50","guid":{"rendered":"http:\/\/www.redenoticia.com.br\/noticia\/?p=97186"},"modified":"2016-10-11T20:24:30","modified_gmt":"2016-10-11T23:24:30","slug":"comercio-do-rio-registra-maior-inadimplencia-do-ano","status":"publish","type":"post","link":"https:\/\/www.redenoticia.com.br\/noticia\/2016\/comercio-do-rio-registra-maior-inadimplencia-do-ano\/97186","title":{"rendered":"Com\u00e9rcio do Rio registra maior inadimpl\u00eancia do ano"},"content":{"rendered":"<p> A <strong><em>inadimpl\u00eancia no com\u00e9rcio carioca<\/em><\/strong> cresceu 2,8% em rela\u00e7\u00e3o ao mesmo m\u00eas do ano passado. \u00c9 o maior \u00edndice para o m\u00eas de setembro desde 2001, de acordo com os registros do Servi\u00e7o Central de Prote\u00e7\u00e3o ao Cr\u00e9dito do Clube de Diretores Lojistas do Rio de Janeiro (CDL-Rio). As d\u00edvidas quitadas (n\u00famero de consumidores que colocaram em dia seus compromissos atrasados) no com\u00e9rcio lojista da cidade diminu\u00edram 2,5 % e as consultas (item que indica o movimento do com\u00e9rcio) ca\u00edram 7,2 %.<\/p>\n<p>Em rela\u00e7\u00e3o ao m\u00eas anterior (agosto) as consultas e a inadimpl\u00eancia cresceram 3,9% e 2,2%, respectivamente e as d\u00edvidas quitadas diminu\u00edram 2,3%. No acumulado dos nove meses do ano, de janeiro a setembro, as consultas e as d\u00edvidas quitadas recuaram, respectivamente, 7% e 2,2% e a inadimpl\u00eancia cresceu 1,8% em compara\u00e7\u00e3o com o mesmo per\u00edodo de 2015.<\/p>\n<p>De acordo com o presidente do CDL-Rio, Aldo Gon\u00e7alves, normalmente em \u00e9pocas de grandes datas comemorativas, como por exemplo o Dia das Crian\u00e7as, os consumidores correm para a colocar as suas contas em dia para poder comprar mais. &#8220;Mas dessa vez o n\u00famero de d\u00edvidas quitadas caiu, o que mostra que o consumidor est\u00e1 freando as compras, apesar de o Dia das Crian\u00e7as ser uma das datas mais importantes para o com\u00e9rcio\u201d, afirmou.<\/p>\n<p>Douglas Corr\u00eaa &#8211; Rep\u00f3rter da Ag\u00eancia Brasil<br \/>\nEdi\u00e7\u00e3o: Augusto Queiroz<br \/>\n12\/10\/2016<\/p>\n","protected":false},"excerpt":{"rendered":"<p>A inadimpl\u00eancia no com\u00e9rcio carioca cresceu 2,8% em rela\u00e7\u00e3o ao mesmo m\u00eas do ano passado. \u00c9 o maior \u00edndice para o m\u00eas de setembro desde 2001, de acordo com os registros do Servi\u00e7o Central de Prote\u00e7\u00e3o ao Cr\u00e9dito do Clube de Diretores Lojistas do Rio de Janeiro (CDL-Rio). As d\u00edvidas quitadas (n\u00famero de consumidores que [&hellip;]<\/p>\n","protected":false},"author":2,"featured_media":57584,"comment_status":"open","ping_status":"closed","sticky":false,"template":"","format":"standard","meta":{"_genesis_hide_title":false,"_genesis_hide_breadcrumbs":false,"_genesis_hide_singular_image":false,"_genesis_hide_footer_widgets":false,"_genesis_custom_body_class":"","_genesis_custom_post_class":"","_genesis_layout":"","_jetpack_memberships_contains_paid_content":false,"footnotes":""},"categories":[22,7],"tags":[],"class_list":{"0":"post-97186","1":"post","2":"type-post","3":"status-publish","4":"format-standard","5":"has-post-thumbnail","7":"category-brasil","8":"category-economia","9":"entry","10":"gs-1","11":"gs-odd","12":"gs-even","13":"gs-featured-content-entry"},"jetpack_featured_media_url":"https:\/\/www.redenoticia.com.br\/noticia\/imagens\/economia-grafica-analise-inflacao.jpg","jetpack_sharing_enabled":true,"jetpack_likes_enabled":true,"_links":{"self":[{"href":"https:\/\/www.redenoticia.com.br\/noticia\/wp-json\/wp\/v2\/posts\/97186","targetHints":{"allow":["GET"]}}],"collection":[{"href":"https:\/\/www.redenoticia.com.br\/noticia\/wp-json\/wp\/v2\/posts"}],"about":[{"href":"https:\/\/www.redenoticia.com.br\/noticia\/wp-json\/wp\/v2\/types\/post"}],"author":[{"embeddable":true,"href":"https:\/\/www.redenoticia.com.br\/noticia\/wp-json\/wp\/v2\/users\/2"}],"replies":[{"embeddable":true,"href":"https:\/\/www.redenoticia.com.br\/noticia\/wp-json\/wp\/v2\/comments?post=97186"}],"version-history":[{"count":0,"href":"https:\/\/www.redenoticia.com.br\/noticia\/wp-json\/wp\/v2\/posts\/97186\/revisions"}],"wp:featuredmedia":[{"embeddable":true,"href":"https:\/\/www.redenoticia.com.br\/noticia\/wp-json\/wp\/v2\/media\/57584"}],"wp:attachment":[{"href":"https:\/\/www.redenoticia.com.br\/noticia\/wp-json\/wp\/v2\/media?parent=97186"}],"wp:term":[{"taxonomy":"category","embeddable":true,"href":"https:\/\/www.redenoticia.com.br\/noticia\/wp-json\/wp\/v2\/categories?post=97186"},{"taxonomy":"post_tag","embeddable":true,"href":"https:\/\/www.redenoticia.com.br\/noticia\/wp-json\/wp\/v2\/tags?post=97186"}],"curies":[{"name":"wp","href":"https:\/\/api.w.org\/{rel}","templated":true}]}}