{"id":97184,"date":"2016-10-13T06:24:29","date_gmt":"2016-10-13T09:24:29","guid":{"rendered":"http:\/\/www.redenoticia.com.br\/noticia\/?p=97184"},"modified":"2016-10-11T20:24:23","modified_gmt":"2016-10-11T23:24:23","slug":"inflacao-anula-alta-do-faturamento-no-setor-atacadista-diz-associacao","status":"publish","type":"post","link":"https:\/\/www.redenoticia.com.br\/noticia\/2016\/inflacao-anula-alta-do-faturamento-no-setor-atacadista-diz-associacao\/97184","title":{"rendered":"Infla\u00e7\u00e3o anula alta do faturamento no setor atacadista, diz associa\u00e7\u00e3o"},"content":{"rendered":"<p> O <strong><em>faturamento do setor atacadista<\/em><\/strong> aumentou 8,37% no acumulado de janeiro a agosto deste ano, mas o resultado real, descontando-se a infla\u00e7\u00e3o, indica queda de 0,97%, diz balan\u00e7o divulgado pela Associa\u00e7\u00e3o Brasileira de Atacadistas e Distribuidores de Produtos Industrializados (Abad) sobre a pesquisa que \u00e9 feita em conjunto com a Funda\u00e7\u00e3o Instituto de Administra\u00e7\u00e3o (FIA).<\/p>\n<p>Pelas proje\u00e7\u00f5es da Abad\/FIA, o setor deve encerrar o ano com faturamento 1% acima do registrado em 2015, tomando por base a desacelera\u00e7\u00e3o inflacion\u00e1ria.<\/p>\n<p>Sem levar em conta a infla\u00e7\u00e3o, em agosto \u00faltimo, houve eleva\u00e7\u00e3o de 9,18% sobre o mesmo m\u00eas do ano passado e de 2,36% sobre julho \u00faltimo. J\u00e1 deflacionados, os \u00edndices apontam para alta de 0,19% em agosto sobre o mesmo m\u00eas de 2015 e de 1,91% na compara\u00e7\u00e3o com o m\u00eas anterior.<\/p>\n<p>O c\u00e1lculo foi feito tendo como refer\u00eancia o \u00cdndice Nacional de Pre\u00e7os ao Consumidor Amplo (IPCA), medido pelo Instituto Brasileiro de Geografia e Estat\u00edsticas (IBGE), que em setembro acumulou alta de 5,51% desde janeiro e de 8,48%, em 12 meses.<\/p>\n<p>Em nota, o presidente da Abad, Jos\u00e9 do Egito Frota Lopes Filho, afirma que a proximidade das festas de fim de ano e o arrefecimento da infla\u00e7\u00e3o v\u00e3o contribuir para que o faturamento real do setor volte a ser positivo em 2016, &#8220;ainda que seja pequeno\u201d. Para Frota Lopes, os debates em torno das reformas estruturais devem favorecer a retomada do crescimento econ\u00f4mico.<\/p>\n<p>A Abad representa 4 mil empresas atacadistas que, no ano passado, atingiram faturamento de R$ 218,4 bilh\u00f5es, com alta de 3,1% em termos nominais sobre 2014. Descontada a infla\u00e7\u00e3o do per\u00edodo, houve recuo de 6,8%.<\/p>\n<p>Marli Moreira \u2013 Rep\u00f3rter da Ag\u00eancia Brasil<br \/>\nEdi\u00e7\u00e3o: N\u00e1dia Franco<br \/>\n12\/10\/2016<\/p>\n","protected":false},"excerpt":{"rendered":"<p>O faturamento do setor atacadista aumentou 8,37% no acumulado de janeiro a agosto deste ano, mas o resultado real, descontando-se a infla\u00e7\u00e3o, indica queda de 0,97%, diz balan\u00e7o divulgado pela Associa\u00e7\u00e3o Brasileira de Atacadistas e Distribuidores de Produtos Industrializados (Abad) sobre a pesquisa que \u00e9 feita em conjunto com a Funda\u00e7\u00e3o Instituto de Administra\u00e7\u00e3o (FIA). [&hellip;]<\/p>\n","protected":false},"author":2,"featured_media":38938,"comment_status":"open","ping_status":"closed","sticky":false,"template":"","format":"standard","meta":{"_genesis_hide_title":false,"_genesis_hide_breadcrumbs":false,"_genesis_hide_singular_image":false,"_genesis_hide_footer_widgets":false,"_genesis_custom_body_class":"","_genesis_custom_post_class":"","_genesis_layout":"","_jetpack_memberships_contains_paid_content":false,"footnotes":""},"categories":[22,7],"tags":[],"class_list":{"0":"post-97184","1":"post","2":"type-post","3":"status-publish","4":"format-standard","5":"has-post-thumbnail","7":"category-brasil","8":"category-economia","9":"entry","10":"gs-1","11":"gs-odd","12":"gs-even","13":"gs-featured-content-entry"},"jetpack_featured_media_url":"https:\/\/www.redenoticia.com.br\/noticia\/imagens\/economia1.jpg","jetpack_sharing_enabled":true,"jetpack_likes_enabled":true,"_links":{"self":[{"href":"https:\/\/www.redenoticia.com.br\/noticia\/wp-json\/wp\/v2\/posts\/97184","targetHints":{"allow":["GET"]}}],"collection":[{"href":"https:\/\/www.redenoticia.com.br\/noticia\/wp-json\/wp\/v2\/posts"}],"about":[{"href":"https:\/\/www.redenoticia.com.br\/noticia\/wp-json\/wp\/v2\/types\/post"}],"author":[{"embeddable":true,"href":"https:\/\/www.redenoticia.com.br\/noticia\/wp-json\/wp\/v2\/users\/2"}],"replies":[{"embeddable":true,"href":"https:\/\/www.redenoticia.com.br\/noticia\/wp-json\/wp\/v2\/comments?post=97184"}],"version-history":[{"count":0,"href":"https:\/\/www.redenoticia.com.br\/noticia\/wp-json\/wp\/v2\/posts\/97184\/revisions"}],"wp:featuredmedia":[{"embeddable":true,"href":"https:\/\/www.redenoticia.com.br\/noticia\/wp-json\/wp\/v2\/media\/38938"}],"wp:attachment":[{"href":"https:\/\/www.redenoticia.com.br\/noticia\/wp-json\/wp\/v2\/media?parent=97184"}],"wp:term":[{"taxonomy":"category","embeddable":true,"href":"https:\/\/www.redenoticia.com.br\/noticia\/wp-json\/wp\/v2\/categories?post=97184"},{"taxonomy":"post_tag","embeddable":true,"href":"https:\/\/www.redenoticia.com.br\/noticia\/wp-json\/wp\/v2\/tags?post=97184"}],"curies":[{"name":"wp","href":"https:\/\/api.w.org\/{rel}","templated":true}]}}