{"id":97182,"date":"2016-10-13T06:12:46","date_gmt":"2016-10-13T09:12:46","guid":{"rendered":"http:\/\/www.redenoticia.com.br\/noticia\/?p=97182"},"modified":"2016-10-11T20:24:18","modified_gmt":"2016-10-11T23:24:18","slug":"mpf-pede-condenacao-de-ex-diretores-do-banco-panamericano","status":"publish","type":"post","link":"https:\/\/www.redenoticia.com.br\/noticia\/2016\/mpf-pede-condenacao-de-ex-diretores-do-banco-panamericano\/97182","title":{"rendered":"MPF pede condena\u00e7\u00e3o de ex-diretores do Banco Panamericano"},"content":{"rendered":"<p> O Minist\u00e9rio P\u00fablico Federal de S\u00e3o Paulo pediu a <strong><em>condena\u00e7\u00e3o de nove ex-diretores do Banco Panamericano<\/em><\/strong>, acusados de crimes como gest\u00e3o fraudulenta e apropria\u00e7\u00e3o ind\u00e9bita entre 2007 e 2010. Com a gest\u00e3o criminosa, o banco sofreu um rombo e foi vendido \u00e0 Caixa Econ\u00f4mica Federal.<\/p>\n<p>S\u00e3o acusados Luiz Sebasti\u00e3o Sandoval, Rafael Paladino, Wilson Roberto de Aro, Marco Ant\u00f4nio Pereira da Silva, Cl\u00e1udio Baracat Sauda, Adalberto Savioli, Ant\u00f4nio Carlos Quinta Carletto, Eduardo de \u00c1vila Pinto Coelho e Luiz Augusto Teixeira de Carvalho Bruno. O pedido de condena\u00e7\u00e3o foi feito \u00e0 6\u00aa Vara Federal de S\u00e3o Paulo.<\/p>\n<p>Segundo a den\u00fancia, os executivos fraudaram o resultado dos balan\u00e7os do banco em R$ 3,8 bilh\u00f5es (em valores n\u00e3o atualizados). Eles receberam, em b\u00f4nus e pagamentos irregulares, mais de R$ 100 milh\u00f5es. O banco apresentava falsos resultados positivos, mas em 2010 a fraude foi descoberta.<\/p>\n<p>Al\u00e9m das penas de pris\u00e3o, o MPF requereu a aplica\u00e7\u00e3o de pena de perdimento dos bens apreendidos dos nove acusados em favor da Uni\u00e3o. O objetivo \u00e9 recuperar, ainda que parcialmente, o preju\u00edzo aos cofres p\u00fablicos na aquisi\u00e7\u00e3o do banco.<\/p>\n<p>Hist\u00f3rico<\/p>\n<p>Em 2012, foram acusados 17 r\u00e9us por terem recebido b\u00f4nus de R$ 90 milh\u00f5es por pessoas jur\u00eddicas constitu\u00eddas pelos diretores para presta\u00e7\u00e3o de servi\u00e7os ao Panamericano. Assim, o pagamento de b\u00f4nus era parte de uma pol\u00edtica da holding, sobre a qual os acusados n\u00e3o tinham inger\u00eancia.<\/p>\n<p>Por isso, a procuradoria do MPF pediu a absolvi\u00e7\u00e3o de parte dos acusados &#8211; Marcos Augusto Monteiro, Maur\u00edcio Bonafonte dos Santos, Carlos Roberto Vilani, Elinton Bobrik, Mario Tadami C\u00e9u, Vilmar Bernardes da Costa, Jos\u00e9 Maria Corsi e Jo\u00e3o Pedro Fassina.<\/p>\n<p>Fernanda Cruz \u2013 Rep\u00f3rter da Ag\u00eancia Brasil<br \/>\nEdi\u00e7\u00e3o: Kleber Sampaio<br \/>\n12\/10\/2016<\/p>\n","protected":false},"excerpt":{"rendered":"<p>O Minist\u00e9rio P\u00fablico Federal de S\u00e3o Paulo pediu a condena\u00e7\u00e3o de nove ex-diretores do Banco Panamericano, acusados de crimes como gest\u00e3o fraudulenta e apropria\u00e7\u00e3o ind\u00e9bita entre 2007 e 2010. Com a gest\u00e3o criminosa, o banco sofreu um rombo e foi vendido \u00e0 Caixa Econ\u00f4mica Federal. S\u00e3o acusados Luiz Sebasti\u00e3o Sandoval, Rafael Paladino, Wilson Roberto de [&hellip;]<\/p>\n","protected":false},"author":2,"featured_media":0,"comment_status":"open","ping_status":"closed","sticky":false,"template":"","format":"standard","meta":{"_genesis_hide_title":false,"_genesis_hide_breadcrumbs":false,"_genesis_hide_singular_image":false,"_genesis_hide_footer_widgets":false,"_genesis_custom_body_class":"","_genesis_custom_post_class":"","_genesis_layout":"","_jetpack_memberships_contains_paid_content":false,"footnotes":""},"categories":[22],"tags":[],"class_list":{"0":"post-97182","1":"post","2":"type-post","3":"status-publish","4":"format-standard","6":"category-brasil","7":"entry","8":"gs-1","9":"gs-odd","10":"gs-even","11":"gs-featured-content-entry"},"jetpack_featured_media_url":"","jetpack_sharing_enabled":true,"jetpack_likes_enabled":true,"_links":{"self":[{"href":"https:\/\/www.redenoticia.com.br\/noticia\/wp-json\/wp\/v2\/posts\/97182","targetHints":{"allow":["GET"]}}],"collection":[{"href":"https:\/\/www.redenoticia.com.br\/noticia\/wp-json\/wp\/v2\/posts"}],"about":[{"href":"https:\/\/www.redenoticia.com.br\/noticia\/wp-json\/wp\/v2\/types\/post"}],"author":[{"embeddable":true,"href":"https:\/\/www.redenoticia.com.br\/noticia\/wp-json\/wp\/v2\/users\/2"}],"replies":[{"embeddable":true,"href":"https:\/\/www.redenoticia.com.br\/noticia\/wp-json\/wp\/v2\/comments?post=97182"}],"version-history":[{"count":0,"href":"https:\/\/www.redenoticia.com.br\/noticia\/wp-json\/wp\/v2\/posts\/97182\/revisions"}],"wp:attachment":[{"href":"https:\/\/www.redenoticia.com.br\/noticia\/wp-json\/wp\/v2\/media?parent=97182"}],"wp:term":[{"taxonomy":"category","embeddable":true,"href":"https:\/\/www.redenoticia.com.br\/noticia\/wp-json\/wp\/v2\/categories?post=97182"},{"taxonomy":"post_tag","embeddable":true,"href":"https:\/\/www.redenoticia.com.br\/noticia\/wp-json\/wp\/v2\/tags?post=97182"}],"curies":[{"name":"wp","href":"https:\/\/api.w.org\/{rel}","templated":true}]}}