{"id":97180,"date":"2016-10-13T06:11:14","date_gmt":"2016-10-13T09:11:14","guid":{"rendered":"http:\/\/www.redenoticia.com.br\/noticia\/?p=97180"},"modified":"2016-10-11T20:24:08","modified_gmt":"2016-10-11T23:24:08","slug":"governo-paulista-discutira-reforma-do-ensino-medio-com-alunos-e-professores","status":"publish","type":"post","link":"https:\/\/www.redenoticia.com.br\/noticia\/2016\/governo-paulista-discutira-reforma-do-ensino-medio-com-alunos-e-professores\/97180","title":{"rendered":"Governo paulista discutir\u00e1 reforma do ensino m\u00e9dio com alunos e professores"},"content":{"rendered":"<p> A Secretaria da Educa\u00e7\u00e3o do Estado de S\u00e3o Paulo informou, em nota, que far\u00e1 um debate com alunos antes que sejam implementadas mudan\u00e7as propostas pela Medida Provis\u00f3ria 746\/2016, que trata da <strong><em>reforma do ensino m\u00e9dio<\/em><\/strong>. Estudantes contr\u00e1rios \u00e0 reforma chegaram a ocupar, em protesto, tr\u00eas escolas estaduais, duas em Sorocaba e uma na capital paulista.<\/p>\n<p>Segundo a nota da secretaria, o pr\u00f3ximo ano letivo n\u00e3o ter\u00e1 mudan\u00e7as de curr\u00edculo ou carga hor\u00e1ria, na capital paulista. Antes, o \u00f3rg\u00e3o vai reunir dirigentes, supervisores, diretores, professores e estudantes, em discuss\u00f5es, mas o comunicado n\u00e3o especificou datas ou como os debates v\u00e3o ocorrer.<\/p>\n<p>\u201cPor se tratar de uma rede complexa e que abrange 645 munic\u00edpios, o pr\u00f3ximo ano ser\u00e1 de an\u00e1lise\u201d, diz a nota. \u201cPesa contra o modelo atual a pouca flexibilidade do curr\u00edculo e a fraca conex\u00e3o entre o que o estudante aprende e seu projeto de vida.\u201d<\/p>\n<p> MP<\/p>\n<p>A MP do Ensino M\u00e9dio torna obrigat\u00f3rias para os tr\u00eas anos do ensino m\u00e9dio apenas as disciplinas de portugu\u00eas e matem\u00e1tica. Ingl\u00eas tamb\u00e9m ser\u00e1 obrigat\u00f3rio, mas n\u00e3o necessariamente para os tr\u00eas anos. Os demais conte\u00fados ser\u00e3o determinados pela Base Nacional Comum Curricular, que ainda est\u00e1 sendo definida.<\/p>\n<p>Pela MP, cerca de 1,2 mil horas, metade do tempo total do ensino m\u00e9dio, ser\u00e3o destinadas ao conte\u00fado obrigat\u00f3rio definido pela Base Nacional. No restante da forma\u00e7\u00e3o, os alunos poder\u00e3o escolher entre cinco trajet\u00f3rias: linguagens, matem\u00e1tica, ci\u00eancias da natureza, ci\u00eancias humanas &#8211; modelo usado tamb\u00e9m na divis\u00e3o das provas do Exame Nacional do Ensino M\u00e9dio (Enem) &#8211; e forma\u00e7\u00e3o t\u00e9cnica e profissional. A medida ainda amplia gradualmente a carga hor\u00e1ria do ensino m\u00e9dio para 7h por dia ou 1,4 mil horas por ano.<\/p>\n<p>Fernanda Cruz \u2013 Rep\u00f3rter da Ag\u00eancia Brasil<br \/>\nEdi\u00e7\u00e3o: Maria Claudia<br \/>\n12\/10\/2016<\/p>\n","protected":false},"excerpt":{"rendered":"<p>A Secretaria da Educa\u00e7\u00e3o do Estado de S\u00e3o Paulo informou, em nota, que far\u00e1 um debate com alunos antes que sejam implementadas mudan\u00e7as propostas pela Medida Provis\u00f3ria 746\/2016, que trata da reforma do ensino m\u00e9dio. Estudantes contr\u00e1rios \u00e0 reforma chegaram a ocupar, em protesto, tr\u00eas escolas estaduais, duas em Sorocaba e uma na capital paulista. [&hellip;]<\/p>\n","protected":false},"author":2,"featured_media":36262,"comment_status":"open","ping_status":"closed","sticky":false,"template":"","format":"standard","meta":{"_genesis_hide_title":false,"_genesis_hide_breadcrumbs":false,"_genesis_hide_singular_image":false,"_genesis_hide_footer_widgets":false,"_genesis_custom_body_class":"","_genesis_custom_post_class":"","_genesis_layout":"","_jetpack_memberships_contains_paid_content":false,"footnotes":""},"categories":[22],"tags":[],"class_list":{"0":"post-97180","1":"post","2":"type-post","3":"status-publish","4":"format-standard","5":"has-post-thumbnail","7":"category-brasil","8":"entry","9":"gs-1","10":"gs-odd","11":"gs-even","12":"gs-featured-content-entry"},"jetpack_featured_media_url":"https:\/\/www.redenoticia.com.br\/noticia\/imagens\/aluno-a.jpg","jetpack_sharing_enabled":true,"jetpack_likes_enabled":true,"_links":{"self":[{"href":"https:\/\/www.redenoticia.com.br\/noticia\/wp-json\/wp\/v2\/posts\/97180","targetHints":{"allow":["GET"]}}],"collection":[{"href":"https:\/\/www.redenoticia.com.br\/noticia\/wp-json\/wp\/v2\/posts"}],"about":[{"href":"https:\/\/www.redenoticia.com.br\/noticia\/wp-json\/wp\/v2\/types\/post"}],"author":[{"embeddable":true,"href":"https:\/\/www.redenoticia.com.br\/noticia\/wp-json\/wp\/v2\/users\/2"}],"replies":[{"embeddable":true,"href":"https:\/\/www.redenoticia.com.br\/noticia\/wp-json\/wp\/v2\/comments?post=97180"}],"version-history":[{"count":0,"href":"https:\/\/www.redenoticia.com.br\/noticia\/wp-json\/wp\/v2\/posts\/97180\/revisions"}],"wp:featuredmedia":[{"embeddable":true,"href":"https:\/\/www.redenoticia.com.br\/noticia\/wp-json\/wp\/v2\/media\/36262"}],"wp:attachment":[{"href":"https:\/\/www.redenoticia.com.br\/noticia\/wp-json\/wp\/v2\/media?parent=97180"}],"wp:term":[{"taxonomy":"category","embeddable":true,"href":"https:\/\/www.redenoticia.com.br\/noticia\/wp-json\/wp\/v2\/categories?post=97180"},{"taxonomy":"post_tag","embeddable":true,"href":"https:\/\/www.redenoticia.com.br\/noticia\/wp-json\/wp\/v2\/tags?post=97180"}],"curies":[{"name":"wp","href":"https:\/\/api.w.org\/{rel}","templated":true}]}}