{"id":97138,"date":"2016-10-11T06:29:29","date_gmt":"2016-10-11T09:29:29","guid":{"rendered":"http:\/\/www.redenoticia.com.br\/noticia\/?p=97138"},"modified":"2016-10-10T17:30:26","modified_gmt":"2016-10-10T20:30:26","slug":"cheque-especial-ficou-mais-caro-em-tres-bancos-diz-procon","status":"publish","type":"post","link":"https:\/\/www.redenoticia.com.br\/noticia\/2016\/cheque-especial-ficou-mais-caro-em-tres-bancos-diz-procon\/97138","title":{"rendered":"Cheque especial ficou mais caro em tr\u00eas bancos, diz Procon"},"content":{"rendered":"<p> Tr\u00eas dos sete bancos pesquisados pelo Procon de S\u00e3o Paulo, \u00f3rg\u00e3o vinculado \u00e0 Secretaria da Justi\u00e7a e da Defesa da Cidadania do Estado de S\u00e3o Paulo, aumentaram em outubro a taxa cobrada sobre o uso de dinheiro do <strong><em>cheque especial<\/em><\/strong>. A maior eleva\u00e7\u00e3o (3,83%) foi verificada na Caixa Econ\u00f4mica Federal (CEF) em que os correntistas passaram a pagar 13,55% ao m\u00eas ante 13,05%, no m\u00eas anterior.<\/p>\n<p>No Banco Bradesco, o \u00edndice teve alta de 3,04% ao subir de 13,15% para 13,55% ao m\u00eas e no Ita\u00fa, eleva\u00e7\u00e3o de 1,47% com a taxa passando de 12,95% para 13,14% ao m\u00eas. Na m\u00e9dia, a taxa de juros est\u00e1 em 13,72% ao m\u00eas, o equivalente 0,16 ponto percentual acima do registrado em setembro. Essa foi a nova vez seguida de alta.<\/p>\n<p>Segundo o Procon, n\u00e3o houve eleva\u00e7\u00e3o nessa modalidade de cr\u00e9dito apenas em janeiro deste ano.<\/p>\n<p>No HSBC, a taxa permaneceu em 14,67%; no Safra (12,60%); Santander (15,49%) e Banco do Brasil (13,04%).<\/p>\n<p>Empr\u00e9stimo pessoal<\/p>\n<p>Em rela\u00e7\u00e3o ao empr\u00e9stimo pessoal, a taxa m\u00e9dia atingiu 7,05% ao m\u00eas, varia\u00e7\u00e3o que \u00e9 0,25 ponto percentual maior do que no m\u00eas anterior (6,80%). Houve corre\u00e7\u00e3o apenas no Banco do Brasil (de 5,6% para 7,40%), o que representa um avan\u00e7o de 32,14%.<\/p>\n<p>No Bradesco, o juro sobre o empr\u00e9stimo pessoal foi mantido em 6,67; na CEF (5,5%), no HSBC (8,99%), Ita\u00fa (6,43%), Safra (5,90%) e Santander (8,49%)<\/p>\n<p>O Procon recomenda cautela por parte do consumidor na hora de solicitar empr\u00e9stimos e alerta sobre os riscos eventuais que podem ocorrer em uma economia desacelerada com alto n\u00edvel de desemprego e redu\u00e7\u00e3o do consumo. \u201cOs juros est\u00e3o em patamares elevad\u00edssimos e, podem, posteriormente, dificultar ou at\u00e9 impossibilitar a quita\u00e7\u00e3o da d\u00edvida\u201d, destaca a nota divulgada pelo \u00f3rg\u00e3o.<\/p>\n<p>Marli Moreira \u2013 Rep\u00f3rter da Ag\u00eancia Brasil<br \/>\nEdi\u00e7\u00e3o: Maria Claudia<br \/>\n11\/10\/2016<\/p>\n","protected":false},"excerpt":{"rendered":"<p>Tr\u00eas dos sete bancos pesquisados pelo Procon de S\u00e3o Paulo, \u00f3rg\u00e3o vinculado \u00e0 Secretaria da Justi\u00e7a e da Defesa da Cidadania do Estado de S\u00e3o Paulo, aumentaram em outubro a taxa cobrada sobre o uso de dinheiro do cheque especial. A maior eleva\u00e7\u00e3o (3,83%) foi verificada na Caixa Econ\u00f4mica Federal (CEF) em que os correntistas [&hellip;]<\/p>\n","protected":false},"author":2,"featured_media":57583,"comment_status":"open","ping_status":"closed","sticky":false,"template":"","format":"standard","meta":{"_genesis_hide_title":false,"_genesis_hide_breadcrumbs":false,"_genesis_hide_singular_image":false,"_genesis_hide_footer_widgets":false,"_genesis_custom_body_class":"","_genesis_custom_post_class":"","_genesis_layout":"","_jetpack_memberships_contains_paid_content":false,"footnotes":""},"categories":[22,7],"tags":[],"class_list":{"0":"post-97138","1":"post","2":"type-post","3":"status-publish","4":"format-standard","5":"has-post-thumbnail","7":"category-brasil","8":"category-economia","9":"entry","10":"gs-1","11":"gs-odd","12":"gs-even","13":"gs-featured-content-entry"},"jetpack_featured_media_url":"https:\/\/www.redenoticia.com.br\/noticia\/imagens\/economia-grafico.jpg","jetpack_sharing_enabled":true,"jetpack_likes_enabled":true,"_links":{"self":[{"href":"https:\/\/www.redenoticia.com.br\/noticia\/wp-json\/wp\/v2\/posts\/97138","targetHints":{"allow":["GET"]}}],"collection":[{"href":"https:\/\/www.redenoticia.com.br\/noticia\/wp-json\/wp\/v2\/posts"}],"about":[{"href":"https:\/\/www.redenoticia.com.br\/noticia\/wp-json\/wp\/v2\/types\/post"}],"author":[{"embeddable":true,"href":"https:\/\/www.redenoticia.com.br\/noticia\/wp-json\/wp\/v2\/users\/2"}],"replies":[{"embeddable":true,"href":"https:\/\/www.redenoticia.com.br\/noticia\/wp-json\/wp\/v2\/comments?post=97138"}],"version-history":[{"count":0,"href":"https:\/\/www.redenoticia.com.br\/noticia\/wp-json\/wp\/v2\/posts\/97138\/revisions"}],"wp:featuredmedia":[{"embeddable":true,"href":"https:\/\/www.redenoticia.com.br\/noticia\/wp-json\/wp\/v2\/media\/57583"}],"wp:attachment":[{"href":"https:\/\/www.redenoticia.com.br\/noticia\/wp-json\/wp\/v2\/media?parent=97138"}],"wp:term":[{"taxonomy":"category","embeddable":true,"href":"https:\/\/www.redenoticia.com.br\/noticia\/wp-json\/wp\/v2\/categories?post=97138"},{"taxonomy":"post_tag","embeddable":true,"href":"https:\/\/www.redenoticia.com.br\/noticia\/wp-json\/wp\/v2\/tags?post=97138"}],"curies":[{"name":"wp","href":"https:\/\/api.w.org\/{rel}","templated":true}]}}