{"id":97136,"date":"2016-10-11T06:28:36","date_gmt":"2016-10-11T09:28:36","guid":{"rendered":"http:\/\/www.redenoticia.com.br\/noticia\/?p=97136"},"modified":"2016-10-10T17:29:26","modified_gmt":"2016-10-10T20:29:26","slug":"inflacao-inicia-outubro-com-leve-alta-mostra-fgv","status":"publish","type":"post","link":"https:\/\/www.redenoticia.com.br\/noticia\/2016\/inflacao-inicia-outubro-com-leve-alta-mostra-fgv\/97136","title":{"rendered":"Infla\u00e7\u00e3o inicia outubro com leve alta, mostra FGV"},"content":{"rendered":"<p> O <strong><em>\u00cdndice de Pre\u00e7os ao Consumidor Semanal<\/em><\/strong> (IPC-S) teve alta de 0,19% na primeira pr\u00e9via de outubro. A taxa \u00e9 0,12 ponto percentual superior \u00e0 registrado no fechamento de setembro (0,07%). Em seis dos oito grupos pesquisados houve aumento de pre\u00e7os e a principal press\u00e3o inflacion\u00e1ria foi verificada em alimenta\u00e7\u00e3o, que passou de queda de 0,14% para (-0,01%). O item que mais influenciou a recupera\u00e7\u00e3o de pre\u00e7os nessa classe de despesa foi carnes bovinas (de 2,08% para 2,80%).<\/p>\n<p>O levantamento \u00e9 feito pelo Instituto Brasileiro de Economia da Funda\u00e7\u00e3o Getulio Vargas (Ibre\/FGV) em Recife, Salvador, no Rio de Janeiro, em S\u00e3o Paulo, Belo Horizonte, Bras\u00edlia e Porto Alegre.<\/p>\n<p>Os demais grupos com movimento de alta foram: transportes (de -0,11% para 0,10%); habita\u00e7\u00e3o (de 0,28% para 0,39%); sa\u00fade e cuidados pessoais (de 0,34% para 0,44%); vestu\u00e1rio (de 0,40% para 0,62%) e comunica\u00e7\u00e3o (de 0,08% para 0,16%).<\/p>\n<p>Em educa\u00e7\u00e3o, leitura e recrea\u00e7\u00e3o, os pre\u00e7os indicaram recuo (de -0,02% para -0,07%) e o mesmo ocorreu em despesas diversas (de -0,32% para -0,33%) .<\/p>\n<p>Os itens que mais causaram impacto inflacion\u00e1rio foram: plano e seguro de sa\u00fade (1,05%), g\u00e1s de buj\u00e3o (3,94%), refei\u00e7\u00f5es em bares e restaurantes (0,33%); refrigerantes e \u00e1gua mineral (2,85%) e banana-nanica (14,03%). Em sentido oposto, os itens que mais ajudaram a neutralizar os aumentos foram: leite tipo longa vida (-10,60), batata-inglesa (-19,06%), show musical (-4,98%), mam\u00e3o papaya (-17,99%) e banana-prata (-8,95%)<\/p>\n<p>Marli Moreira &#8211; Rep\u00f3rter da Ag\u00eancia Brasil<br \/>\nEdi\u00e7\u00e3o: Gra\u00e7a Adjuto<br \/>\n11\/10\/2016<\/p>\n","protected":false},"excerpt":{"rendered":"<p>O \u00cdndice de Pre\u00e7os ao Consumidor Semanal (IPC-S) teve alta de 0,19% na primeira pr\u00e9via de outubro. A taxa \u00e9 0,12 ponto percentual superior \u00e0 registrado no fechamento de setembro (0,07%). Em seis dos oito grupos pesquisados houve aumento de pre\u00e7os e a principal press\u00e3o inflacion\u00e1ria foi verificada em alimenta\u00e7\u00e3o, que passou de queda de [&hellip;]<\/p>\n","protected":false},"author":2,"featured_media":57584,"comment_status":"open","ping_status":"closed","sticky":false,"template":"","format":"standard","meta":{"_genesis_hide_title":false,"_genesis_hide_breadcrumbs":false,"_genesis_hide_singular_image":false,"_genesis_hide_footer_widgets":false,"_genesis_custom_body_class":"","_genesis_custom_post_class":"","_genesis_layout":"","_jetpack_memberships_contains_paid_content":false,"footnotes":""},"categories":[22,7],"tags":[],"class_list":{"0":"post-97136","1":"post","2":"type-post","3":"status-publish","4":"format-standard","5":"has-post-thumbnail","7":"category-brasil","8":"category-economia","9":"entry","10":"gs-1","11":"gs-odd","12":"gs-even","13":"gs-featured-content-entry"},"jetpack_featured_media_url":"https:\/\/www.redenoticia.com.br\/noticia\/imagens\/economia-grafica-analise-inflacao.jpg","jetpack_sharing_enabled":true,"jetpack_likes_enabled":true,"_links":{"self":[{"href":"https:\/\/www.redenoticia.com.br\/noticia\/wp-json\/wp\/v2\/posts\/97136","targetHints":{"allow":["GET"]}}],"collection":[{"href":"https:\/\/www.redenoticia.com.br\/noticia\/wp-json\/wp\/v2\/posts"}],"about":[{"href":"https:\/\/www.redenoticia.com.br\/noticia\/wp-json\/wp\/v2\/types\/post"}],"author":[{"embeddable":true,"href":"https:\/\/www.redenoticia.com.br\/noticia\/wp-json\/wp\/v2\/users\/2"}],"replies":[{"embeddable":true,"href":"https:\/\/www.redenoticia.com.br\/noticia\/wp-json\/wp\/v2\/comments?post=97136"}],"version-history":[{"count":0,"href":"https:\/\/www.redenoticia.com.br\/noticia\/wp-json\/wp\/v2\/posts\/97136\/revisions"}],"wp:featuredmedia":[{"embeddable":true,"href":"https:\/\/www.redenoticia.com.br\/noticia\/wp-json\/wp\/v2\/media\/57584"}],"wp:attachment":[{"href":"https:\/\/www.redenoticia.com.br\/noticia\/wp-json\/wp\/v2\/media?parent=97136"}],"wp:term":[{"taxonomy":"category","embeddable":true,"href":"https:\/\/www.redenoticia.com.br\/noticia\/wp-json\/wp\/v2\/categories?post=97136"},{"taxonomy":"post_tag","embeddable":true,"href":"https:\/\/www.redenoticia.com.br\/noticia\/wp-json\/wp\/v2\/tags?post=97136"}],"curies":[{"name":"wp","href":"https:\/\/api.w.org\/{rel}","templated":true}]}}