{"id":97134,"date":"2016-10-11T06:27:47","date_gmt":"2016-10-11T09:27:47","guid":{"rendered":"http:\/\/www.redenoticia.com.br\/noticia\/?p=97134"},"modified":"2016-10-10T17:28:33","modified_gmt":"2016-10-10T20:28:33","slug":"eleitor-que-nao-justificou-ausencia-tem-ate-dezembro-para-regularizar-situacao","status":"publish","type":"post","link":"https:\/\/www.redenoticia.com.br\/noticia\/2016\/eleitor-que-nao-justificou-ausencia-tem-ate-dezembro-para-regularizar-situacao\/97134","title":{"rendered":"Eleitor que n\u00e3o justificou aus\u00eancia tem at\u00e9 dezembro para regularizar situa\u00e7\u00e3o"},"content":{"rendered":"<p> Os eleitores que n\u00e3o votaram no primeiro turno das elei\u00e7\u00f5es e tamb\u00e9m n\u00e3o justificaram a aus\u00eancia no pr\u00f3prio domingo (2), podem <strong><em>justificar o voto<\/em><\/strong> at\u00e9 o dia 1\u00ba de dezembro em um formul\u00e1rio de justificativa p\u00f3s-elei\u00e7\u00e3o. O primeiro turno das elei\u00e7\u00f5es municipais aconteceu no \u00faltimo dia 2 de setembro e o segundo ser\u00e1 realizado no dia 30 deste m\u00eas em 55 cidades.<\/p>\n<p>O formul\u00e1rio est\u00e1 na p\u00e1gina do Tribunal Superior Eleitoral (TSE) e depois de preenchido deve ser entregue em um cart\u00f3rio da zona eleitoral onde o eleitor est\u00e1 inscrito. Para saber onde encontrar um cart\u00f3rio basta acessar a p\u00e1gina do Tribunal Regional Eleitoral (TRE) do estado ou clicar aqui. Para quem mora no Rio Grande do Sul, Santa Catarina, Paran\u00e1, S\u00e3o Paulo, Cear\u00e1, Rond\u00f4nia e Rio Grande do Norte \u00e9 poss\u00edvel acessar a p\u00e1gina do TRE e usar o Sistema Justifica seguindo as orienta\u00e7\u00f5es do site.<\/p>\n<p>Outro ponto que o eleitor deve estar atento \u00e9 a documenta\u00e7\u00e3o que precisa ser entregue para comprovar que estava impossibilitado de votar no dia do primeiro turno. Tamb\u00e9m precisam justificar o voto os brasileiros que estavam fora do pa\u00eds durante o primeiro turno das elei\u00e7\u00f5es.<\/p>\n<p>O eleitor que n\u00e3o fizer a justificativa n\u00e3o poder\u00e1 obter alguns documentos como passaporte e carteira de identidade, por exemplo. A pessoa n\u00e3o poder\u00e1 tamb\u00e9m se inscrever em concurso p\u00fablico entre outras penalidades.<\/p>\n<p>Mich\u00e8lle Cannes \u2013 Rep\u00f3rter da Ag\u00eancia Brasil<br \/>\nEdi\u00e7\u00e3o: Denise Griesinger<br \/>\n11\/10\/2016<\/p>\n","protected":false},"excerpt":{"rendered":"<p>Os eleitores que n\u00e3o votaram no primeiro turno das elei\u00e7\u00f5es e tamb\u00e9m n\u00e3o justificaram a aus\u00eancia no pr\u00f3prio domingo (2), podem justificar o voto at\u00e9 o dia 1\u00ba de dezembro em um formul\u00e1rio de justificativa p\u00f3s-elei\u00e7\u00e3o. O primeiro turno das elei\u00e7\u00f5es municipais aconteceu no \u00faltimo dia 2 de setembro e o segundo ser\u00e1 realizado no [&hellip;]<\/p>\n","protected":false},"author":2,"featured_media":39956,"comment_status":"open","ping_status":"closed","sticky":false,"template":"","format":"standard","meta":{"_genesis_hide_title":false,"_genesis_hide_breadcrumbs":false,"_genesis_hide_singular_image":false,"_genesis_hide_footer_widgets":false,"_genesis_custom_body_class":"","_genesis_custom_post_class":"","_genesis_layout":"","_jetpack_memberships_contains_paid_content":false,"footnotes":""},"categories":[22],"tags":[],"class_list":{"0":"post-97134","1":"post","2":"type-post","3":"status-publish","4":"format-standard","5":"has-post-thumbnail","7":"category-brasil","8":"entry","9":"gs-1","10":"gs-odd","11":"gs-even","12":"gs-featured-content-entry"},"jetpack_featured_media_url":"https:\/\/www.redenoticia.com.br\/noticia\/imagens\/eleicao-voto-campanha-eleitoral-resultado.jpg","jetpack_sharing_enabled":true,"jetpack_likes_enabled":true,"_links":{"self":[{"href":"https:\/\/www.redenoticia.com.br\/noticia\/wp-json\/wp\/v2\/posts\/97134","targetHints":{"allow":["GET"]}}],"collection":[{"href":"https:\/\/www.redenoticia.com.br\/noticia\/wp-json\/wp\/v2\/posts"}],"about":[{"href":"https:\/\/www.redenoticia.com.br\/noticia\/wp-json\/wp\/v2\/types\/post"}],"author":[{"embeddable":true,"href":"https:\/\/www.redenoticia.com.br\/noticia\/wp-json\/wp\/v2\/users\/2"}],"replies":[{"embeddable":true,"href":"https:\/\/www.redenoticia.com.br\/noticia\/wp-json\/wp\/v2\/comments?post=97134"}],"version-history":[{"count":0,"href":"https:\/\/www.redenoticia.com.br\/noticia\/wp-json\/wp\/v2\/posts\/97134\/revisions"}],"wp:featuredmedia":[{"embeddable":true,"href":"https:\/\/www.redenoticia.com.br\/noticia\/wp-json\/wp\/v2\/media\/39956"}],"wp:attachment":[{"href":"https:\/\/www.redenoticia.com.br\/noticia\/wp-json\/wp\/v2\/media?parent=97134"}],"wp:term":[{"taxonomy":"category","embeddable":true,"href":"https:\/\/www.redenoticia.com.br\/noticia\/wp-json\/wp\/v2\/categories?post=97134"},{"taxonomy":"post_tag","embeddable":true,"href":"https:\/\/www.redenoticia.com.br\/noticia\/wp-json\/wp\/v2\/tags?post=97134"}],"curies":[{"name":"wp","href":"https:\/\/api.w.org\/{rel}","templated":true}]}}