{"id":97077,"date":"2016-10-10T17:25:07","date_gmt":"2016-10-10T20:25:07","guid":{"rendered":"http:\/\/www.redenoticia.com.br\/noticia\/?p=97077"},"modified":"2016-10-10T16:07:59","modified_gmt":"2016-10-10T19:07:59","slug":"novela-abismo-da-paixao-resumo-1110-damiao-e-elisa-sao-declarados-marido-e-mulher","status":"publish","type":"post","link":"https:\/\/www.redenoticia.com.br\/noticia\/2016\/novela-abismo-da-paixao-resumo-1110-damiao-e-elisa-sao-declarados-marido-e-mulher\/97077","title":{"rendered":"Novela \u201cAbismo da Paix\u00e3o\u201d resumo 11\/10: Gael e Elisa chegam na igreja"},"content":{"rendered":"<p><img loading=\"lazy\" decoding=\"async\" class=\"alignleft size-thumbnail wp-image-81978\" src=\"https:\/\/www.redenoticia.com.br\/noticia\/imagens\/abismo_de_paixao_sbt_resumo_novela-150x112.jpg\" alt=\"abismo_de_paixao_sbt_resumo_novela\" width=\"150\" height=\"112\" srcset=\"https:\/\/www.redenoticia.com.br\/noticia\/imagens\/abismo_de_paixao_sbt_resumo_novela-150x112.jpg 150w, https:\/\/www.redenoticia.com.br\/noticia\/imagens\/abismo_de_paixao_sbt_resumo_novela-265x198.jpg 265w\" sizes=\"auto, (max-width: 150px) 100vw, 150px\" \/><strong><em>Novela \u201cAbismo da Paix\u00e3o\u201d resumo 11\/10<\/em><\/strong>:\u00a0Dolores diz a Lucio que est\u00e1 muito preocupada, pois Elisa n\u00e3o sai de seu quarto h\u00e1 cerca de tr\u00eas dias. Elisa, na verdade, est\u00e1 confusa e nervosa, pois n\u00e3o sabe se realmente deve se casar com Dami\u00e3o. Lucio pede que Elisa se case, pois tem certeza de que ela vai ser muito feliz ao lado de Dami\u00e3o. Depois, Elisa recebe a caixa do vestido de noiva de sua m\u00e3e e um bilhete de sua tia Carmem, chamando-a para entregar lhe o vestido. Elisa vai \u00e0 casa de Carmem e ela a deixa s\u00f3 em seu quarto. Carmem tranca Elisa em sua casa e diz que n\u00e3o vai permitir que ela case-se com Dami\u00e3o. Elisa grita desesperada. Gael chega na casa, faz Carmem acreditar que vai fugir com Elisa e a leva com ele a for\u00e7a. Elisa chora e pede que ele n\u00e3o o fa\u00e7a, j\u00e1 que ela ama Dami\u00e3o. Gael a diz que n\u00e3o vai fazer nada para impedir a uni\u00e3o entre eles. Gael e Elisa chegam na igreja. A cerim\u00f4nia come\u00e7a. Dami\u00e3o e Elisa se beijam com paix\u00e3o e s\u00e3o declarados marido e mulher. <\/p>\n<p>No cap\u00edtulo 142 (*), novela \u201cAbismo da Paix\u00e3o\u201d, ter\u00e7a-feira, 11 de outubro \u2013 Vicente leva uns calmantes a Ramiro e, quando ele adormece, rouba sua arma e vai \u00e1 cabana de Ramona exigir-lhe que fa\u00e7a um rem\u00e9dio para Ramiro. A base de arma\u00e7\u00f5es e intrigas, Carmem tenta fazer com que Gael esteja cada vez mais zangado para que evite o casamento entre Elisa e Dami\u00e3o. Dolores diz a Lucio que est\u00e1 muito preocupada, pois Elisa n\u00e3o sai de seu quarto h\u00e1 cerca de tr\u00eas dias. Elisa, na verdade, est\u00e1 confusa e nervosa, pois n\u00e3o sabe se realmente deve se casar com Dami\u00e3o.<\/p>\n<p>Lucio pede que Elisa se case, pois tem certeza de que ela ser\u00e1 muito feliz ao lado de Dami\u00e3o. Carmem vive atormentada pelos \u201cfantasmas\u201d das pessoas que matou e mandou matar e chora desesperada por n\u00e3o conseguir tir\u00e1-los de sua mente. Elisa recebe a caixa do vestido de noiva de sua m\u00e3e e um bilhete de sua tia Carmem, chamando-a para entregar lhe o vestido de noiva tamb\u00e9m. Elisa vai \u00e0 casa de Carmem e ela a deixa s\u00f3 em seu quarto. Carmem tranca Elisa em sua casa e diz que n\u00e3o permitir\u00e1 que ela se case com Dami\u00e3o.<\/p>\n<p>Elisa grita desesperada. Gael chega \u00e0 casa e faz Carmem acreditar que fugir\u00e1 com Elisa e a levar\u00e1 com ele a for\u00e7a. Elisa chora e pede que ele n\u00e3o o fa\u00e7a, j\u00e1 que ela ama Dami\u00e3o. Gael a diz que n\u00e3o far\u00e1 nada para impedir a uni\u00e3o entre eles. Gael e Elisa chegam \u00e0 igreja. Flor\u00eancia e Paloma tratam dos detalhes do casamento. A cerim\u00f4nia come\u00e7a. Dami\u00e3o e Elisa se beijam com paix\u00e3o e s\u00e3o declarados marido e mulher. No jardim da fazenda Arango, Carmem aparece e insulta Elisa por ter se casado com Dami\u00e3o. Ramona pede aten\u00e7\u00e3o de todos e revela que Carmem \u00e9 que era amante de Rog\u00e9rio. Edmundo revela que Carmem se casou com Augusto j\u00e1 gr\u00e1vida. Carmem, ao ver-se desmascarada diante de todos, n\u00e3o sabe o que dizer.<\/p>\n<p>(*) edi\u00e7\u00e3o do SBT, Novela \u201cAbismo da Paix\u00e3o\u201d, sujeito a altera\u00e7\u00e3o de data e conte\u00fado.<\/p>\n","protected":false},"excerpt":{"rendered":"<p>Novela \u201cAbismo da Paix\u00e3o\u201d resumo 11\/10:\u00a0Dolores diz a Lucio que est\u00e1 muito preocupada, pois Elisa n\u00e3o sai de seu quarto h\u00e1 cerca de tr\u00eas dias. Elisa, na verdade, est\u00e1 confusa e nervosa, pois n\u00e3o sabe se realmente deve se casar com Dami\u00e3o. Lucio pede que Elisa se case, pois tem certeza de que ela vai [&hellip;]<\/p>\n","protected":false},"author":4,"featured_media":81978,"comment_status":"open","ping_status":"closed","sticky":false,"template":"","format":"standard","meta":{"_genesis_hide_title":false,"_genesis_hide_breadcrumbs":false,"_genesis_hide_singular_image":false,"_genesis_hide_footer_widgets":false,"_genesis_custom_body_class":"","_genesis_custom_post_class":"","_genesis_layout":"","_jetpack_memberships_contains_paid_content":false,"footnotes":""},"categories":[379,372,343],"tags":[441],"class_list":{"0":"post-97077","1":"post","2":"type-post","3":"status-publish","4":"format-standard","5":"has-post-thumbnail","7":"category-novelas","8":"category-sbt","9":"category-televisao","10":"tag-resumo-do-dia","11":"entry","12":"gs-1","13":"gs-odd","14":"gs-even","15":"gs-featured-content-entry"},"jetpack_featured_media_url":"https:\/\/www.redenoticia.com.br\/noticia\/imagens\/abismo_de_paixao_sbt_resumo_novela.jpg","jetpack_sharing_enabled":true,"jetpack_likes_enabled":true,"_links":{"self":[{"href":"https:\/\/www.redenoticia.com.br\/noticia\/wp-json\/wp\/v2\/posts\/97077","targetHints":{"allow":["GET"]}}],"collection":[{"href":"https:\/\/www.redenoticia.com.br\/noticia\/wp-json\/wp\/v2\/posts"}],"about":[{"href":"https:\/\/www.redenoticia.com.br\/noticia\/wp-json\/wp\/v2\/types\/post"}],"author":[{"embeddable":true,"href":"https:\/\/www.redenoticia.com.br\/noticia\/wp-json\/wp\/v2\/users\/4"}],"replies":[{"embeddable":true,"href":"https:\/\/www.redenoticia.com.br\/noticia\/wp-json\/wp\/v2\/comments?post=97077"}],"version-history":[{"count":0,"href":"https:\/\/www.redenoticia.com.br\/noticia\/wp-json\/wp\/v2\/posts\/97077\/revisions"}],"wp:featuredmedia":[{"embeddable":true,"href":"https:\/\/www.redenoticia.com.br\/noticia\/wp-json\/wp\/v2\/media\/81978"}],"wp:attachment":[{"href":"https:\/\/www.redenoticia.com.br\/noticia\/wp-json\/wp\/v2\/media?parent=97077"}],"wp:term":[{"taxonomy":"category","embeddable":true,"href":"https:\/\/www.redenoticia.com.br\/noticia\/wp-json\/wp\/v2\/categories?post=97077"},{"taxonomy":"post_tag","embeddable":true,"href":"https:\/\/www.redenoticia.com.br\/noticia\/wp-json\/wp\/v2\/tags?post=97077"}],"curies":[{"name":"wp","href":"https:\/\/api.w.org\/{rel}","templated":true}]}}