{"id":97015,"date":"2016-10-10T06:43:15","date_gmt":"2016-10-10T09:43:15","guid":{"rendered":"http:\/\/www.redenoticia.com.br\/noticia\/?p=97015"},"modified":"2016-10-08T17:45:04","modified_gmt":"2016-10-08T20:45:04","slug":"prejuizo-com-chuvas-de-granizo-deve-elevar-preco-de-frutas-em-sao-paulo","status":"publish","type":"post","link":"https:\/\/www.redenoticia.com.br\/noticia\/2016\/prejuizo-com-chuvas-de-granizo-deve-elevar-preco-de-frutas-em-sao-paulo\/97015","title":{"rendered":"Preju\u00edzo com chuvas de granizo deve elevar pre\u00e7o de frutas"},"content":{"rendered":"<p> O <strong><em>pre\u00e7o m\u00e9dio das frutas<\/em><\/strong> no com\u00e9rcio atacadista da Companhia de Entrepostos e Armaz\u00e9ns Gerais de S\u00e3o Paulo (Ceagesp) pode aumentar por causa das chuvas de granizo, no interior paulista e em \u00e1reas produtoras do sul do pa\u00eds. O impacto e os tipos de frutas que ser\u00e3o afetadas ainda n\u00e3o foram divulgados, mas est\u00e3o sendo estudados, informou, por meio de nota, o economista da Ceagesp, Flavio Luis Godas.<\/p>\n<p>Em setembro, os \u00fanicos segmentos em alta na Ceagesp foram as frutas (1,14%) e os pescados (3,89%).<\/p>\n<p>Uma das \u00e1reas de ocorr\u00eancia de chuva de granizo foi Casa Branca, na regi\u00e3o de Campinas, grande produtora de jabuticaba.<\/p>\n<p>O \u00cdndice Ceagesp que se refere a 150 produtos apontou recuo de 2,21%. Foi a sexta queda consecutiva. No acumulado do ano, o \u00edndice atingiu alta de 2,66% e, nos \u00faltimos 12 meses, de 16,29%.<\/p>\n<p>Entre as frutas que ficaram mais caras est\u00e3o o figo (54,1%), a jaca (35,5%), a laranja lima (22,7%), o abacaxi hava\u00ed (16,2%), a laranja pera (14,3%) e o maracuj\u00e1 azedo (12,1%). J\u00e1 as maiores quedas foram: do mam\u00e3o formosa (-38,9%), mam\u00e3o papaya (-29,5%), goiaba (-27,4%), manga tommy (-14,6%), banana prata (-10,8%) e caju (-10,2%).<\/p>\n<p>J\u00e1 os legumes tiveram expressiva baixa (-14,73%). Na lista dos maiores recuos est\u00e3o: o piment\u00e3o vermelho (-71,1%), piment\u00e3o amarelo (-68,3%), abobrinha italiana (-45,4%), berinjela (-41,4%), vagem macarr\u00e3o (-35,8%) e abobrinha brasileira (-33,4%). Em sentido contr\u00e1rio, subiram os pre\u00e7os da mandioca (44,2%), batata doce rosada (17,9%), inhame (10,3%) e ab\u00f3bora japonesa (6,4%).<\/p>\n<p>No grupo das verduras ocorreu recuo de 8,71% com destaque para o repolho (-31,7%), couve for (-24,4%), br\u00f3colis (-19,7%), escarola (-17,7%), alho porr\u00f3 (-17,2%) e couve (-14,4%). Entre os itens em alta est\u00e3o a salsa (16,3%) e o milho verde (7,5%).<\/p>\n<p>No segmento de diversos, os pre\u00e7os ca\u00edram 11,38%. As principais quedas foram da batata lisa (-25,4%), batata comum (-24,1%), alho (-13,6%), cebola nacional (-10,3%), coco seco (-7,4) e ovos brancos (-6,4%). N\u00e3o houve aumentos significativos no setor.<\/p>\n<p>No setor de pescados, os pre\u00e7os aumentaram, em m\u00e9dia, 3,89% e as maiores taxas foram aplicadas sobre a pescada (19,1%), abr\u00f3tea (16,8%), sardinha (16%), camar\u00e3o ferro (15,7%) e espada (11,6%). Entre as op\u00e7\u00f5es em baixa destaque para a corvina (-11,6%), polvo (-7,3%) e anchovas (-5,4%).<\/p>\n<p>De acordo com a Ceagesp, houve queda na demanda de 6,45% em compara\u00e7\u00e3o a setembro do ano passado, com o volume comercializado de 262.417 toneladas. De janeiro a setembro, as vendas atingiram 2.361.205 toneladas, quantidade que \u00e9 6,21% menor do que em igual per\u00edodo de 2015.<\/p>\n<p>Marli Moreira \u2013 Rep\u00f3rter da Ag\u00eancia Brasil<br \/>\nEdi\u00e7\u00e3o: L\u00edlian Beraldo<br \/>\n10\/10\/2016<\/p>\n","protected":false},"excerpt":{"rendered":"<p>O pre\u00e7o m\u00e9dio das frutas no com\u00e9rcio atacadista da Companhia de Entrepostos e Armaz\u00e9ns Gerais de S\u00e3o Paulo (Ceagesp) pode aumentar por causa das chuvas de granizo, no interior paulista e em \u00e1reas produtoras do sul do pa\u00eds. O impacto e os tipos de frutas que ser\u00e3o afetadas ainda n\u00e3o foram divulgados, mas est\u00e3o sendo [&hellip;]<\/p>\n","protected":false},"author":2,"featured_media":34869,"comment_status":"open","ping_status":"closed","sticky":false,"template":"","format":"standard","meta":{"_genesis_hide_title":false,"_genesis_hide_breadcrumbs":false,"_genesis_hide_singular_image":false,"_genesis_hide_footer_widgets":false,"_genesis_custom_body_class":"","_genesis_custom_post_class":"","_genesis_layout":"","_jetpack_memberships_contains_paid_content":false,"footnotes":""},"categories":[22,7],"tags":[],"class_list":{"0":"post-97015","1":"post","2":"type-post","3":"status-publish","4":"format-standard","5":"has-post-thumbnail","7":"category-brasil","8":"category-economia","9":"entry","10":"gs-1","11":"gs-odd","12":"gs-even","13":"gs-featured-content-entry"},"jetpack_featured_media_url":"https:\/\/www.redenoticia.com.br\/noticia\/imagens\/fruta3.jpg","jetpack_sharing_enabled":true,"jetpack_likes_enabled":true,"_links":{"self":[{"href":"https:\/\/www.redenoticia.com.br\/noticia\/wp-json\/wp\/v2\/posts\/97015","targetHints":{"allow":["GET"]}}],"collection":[{"href":"https:\/\/www.redenoticia.com.br\/noticia\/wp-json\/wp\/v2\/posts"}],"about":[{"href":"https:\/\/www.redenoticia.com.br\/noticia\/wp-json\/wp\/v2\/types\/post"}],"author":[{"embeddable":true,"href":"https:\/\/www.redenoticia.com.br\/noticia\/wp-json\/wp\/v2\/users\/2"}],"replies":[{"embeddable":true,"href":"https:\/\/www.redenoticia.com.br\/noticia\/wp-json\/wp\/v2\/comments?post=97015"}],"version-history":[{"count":0,"href":"https:\/\/www.redenoticia.com.br\/noticia\/wp-json\/wp\/v2\/posts\/97015\/revisions"}],"wp:featuredmedia":[{"embeddable":true,"href":"https:\/\/www.redenoticia.com.br\/noticia\/wp-json\/wp\/v2\/media\/34869"}],"wp:attachment":[{"href":"https:\/\/www.redenoticia.com.br\/noticia\/wp-json\/wp\/v2\/media?parent=97015"}],"wp:term":[{"taxonomy":"category","embeddable":true,"href":"https:\/\/www.redenoticia.com.br\/noticia\/wp-json\/wp\/v2\/categories?post=97015"},{"taxonomy":"post_tag","embeddable":true,"href":"https:\/\/www.redenoticia.com.br\/noticia\/wp-json\/wp\/v2\/tags?post=97015"}],"curies":[{"name":"wp","href":"https:\/\/api.w.org\/{rel}","templated":true}]}}