{"id":97013,"date":"2016-10-10T06:42:20","date_gmt":"2016-10-10T09:42:20","guid":{"rendered":"http:\/\/www.redenoticia.com.br\/noticia\/?p=97013"},"modified":"2016-10-08T17:43:12","modified_gmt":"2016-10-08T20:43:12","slug":"participacao-do-setor-audiovisual-na-economia-cresce-42-em-6-anos","status":"publish","type":"post","link":"https:\/\/www.redenoticia.com.br\/noticia\/2016\/participacao-do-setor-audiovisual-na-economia-cresce-42-em-6-anos\/97013","title":{"rendered":"Participa\u00e7\u00e3o do setor audiovisual na economia cresce 42% em 6 anos"},"content":{"rendered":"<p> A participa\u00e7\u00e3o do <strong><em>setor audiovisual<\/em><\/strong> na economia brasileira passou de 0,38% em 2007 para 0,54% em 2013. O crescimento \u00e9 de cerca de 42%. O dado \u00e9 parte de um estudo divulgado pela Ag\u00eancia Nacional do Cinema Ancine), realizado com base em dados do Instituto Brasileiro de Geografia e Estat\u00edstica (IBGE).<\/p>\n<p>Considerando-se o valor agregado do segmento, em valores correntes, o setor do audiovisual passou de R$ 8,7 bilh\u00f5es, em 2007, para R$ 24,5 bilh\u00f5es, em 2014. O estudo n\u00e3o traz, no entanto, a participa\u00e7\u00e3o do setor na economia em 2014.<\/p>\n<p>\u201cN\u00f3s tivemos um forte crescimento da economia brasileira de 2007 a 2012, com distribui\u00e7\u00e3o de renda. Isso gerou uma forte incorpora\u00e7\u00e3o de brasileiros ao mercado de consumo e ao consumo de servi\u00e7os audiovisuais. Por outro lado, foi um per\u00edodo de constru\u00e7\u00e3o de fortes pol\u00edticas p\u00fablicas para o desenvolvimento do audiovisual. Passamos a ter um forte investimento na produ\u00e7\u00e3o e distribui\u00e7\u00e3o de audiovisual e expans\u00e3o nas salas de cinema\u201d, disse o presidente da Ancine, Manoel Rangel.<\/p>\n<p>Televis\u00e3o aberta<\/p>\n<p>A maior parte desse valor \u00e9 gerado pelas atividades de televis\u00e3o aberta (41,5%) e pelas operadoras de TV por assinatura (38,2%). Juntas, essas duas atividades respondem por 80% do valor movimentado pelo setor do audiovisual. Os 20% se dividem entre programa\u00e7\u00e3o de TV por assinatura (13,5%), atividades de exibi\u00e7\u00e3o cinematogr\u00e1fica (3,1%), atividades de produ\u00e7\u00e3o e p\u00f3s-produ\u00e7\u00e3o cinematogr\u00e1fica (2,9%), distribui\u00e7\u00e3o cinematogr\u00e1fica (0,5%) e com\u00e9rcio e aluguel de fitas\/DVDs etc (0,4%).<\/p>\n<p>Na compara\u00e7\u00e3o com 2007, a TV aberta foi a atividade que mais perdeu participa\u00e7\u00e3o no setor audiovisual, ao cair de 63,7% em 2007 para 41,5% em 2014. J\u00e1 a atividade de programa\u00e7\u00e3o de TV por assinatura cresceu de 6% para 13,5%.<\/p>\n<p>\u201cFizemos um novo marco regulat\u00f3rio para o mercado de televis\u00e3o paga, que removeu barreiras ao seu crescimento e viabilizou a presen\u00e7a do conte\u00fado brasileiro no mercado de TV paga, aumentando sua ader\u00eancia aos interesses dos cidad\u00e3os brasileiros\u201d, finalizou Rangel.<\/p>\n<p>Vitor Abdala \u2013 Rep\u00f3rter da Ag\u00eancia Brasil<br \/>\nEdi\u00e7\u00e3o: Kleber Sampaio<br \/>\n10\/10\/2016<\/p>\n","protected":false},"excerpt":{"rendered":"<p>A participa\u00e7\u00e3o do setor audiovisual na economia brasileira passou de 0,38% em 2007 para 0,54% em 2013. O crescimento \u00e9 de cerca de 42%. O dado \u00e9 parte de um estudo divulgado pela Ag\u00eancia Nacional do Cinema Ancine), realizado com base em dados do Instituto Brasileiro de Geografia e Estat\u00edstica (IBGE). Considerando-se o valor agregado [&hellip;]<\/p>\n","protected":false},"author":2,"featured_media":57585,"comment_status":"open","ping_status":"closed","sticky":false,"template":"","format":"standard","meta":{"_genesis_hide_title":false,"_genesis_hide_breadcrumbs":false,"_genesis_hide_singular_image":false,"_genesis_hide_footer_widgets":false,"_genesis_custom_body_class":"","_genesis_custom_post_class":"","_genesis_layout":"","_jetpack_memberships_contains_paid_content":false,"footnotes":""},"categories":[22,7],"tags":[],"class_list":{"0":"post-97013","1":"post","2":"type-post","3":"status-publish","4":"format-standard","5":"has-post-thumbnail","7":"category-brasil","8":"category-economia","9":"entry","10":"gs-1","11":"gs-odd","12":"gs-even","13":"gs-featured-content-entry"},"jetpack_featured_media_url":"https:\/\/www.redenoticia.com.br\/noticia\/imagens\/analise-economia.jpg","jetpack_sharing_enabled":true,"jetpack_likes_enabled":true,"_links":{"self":[{"href":"https:\/\/www.redenoticia.com.br\/noticia\/wp-json\/wp\/v2\/posts\/97013","targetHints":{"allow":["GET"]}}],"collection":[{"href":"https:\/\/www.redenoticia.com.br\/noticia\/wp-json\/wp\/v2\/posts"}],"about":[{"href":"https:\/\/www.redenoticia.com.br\/noticia\/wp-json\/wp\/v2\/types\/post"}],"author":[{"embeddable":true,"href":"https:\/\/www.redenoticia.com.br\/noticia\/wp-json\/wp\/v2\/users\/2"}],"replies":[{"embeddable":true,"href":"https:\/\/www.redenoticia.com.br\/noticia\/wp-json\/wp\/v2\/comments?post=97013"}],"version-history":[{"count":0,"href":"https:\/\/www.redenoticia.com.br\/noticia\/wp-json\/wp\/v2\/posts\/97013\/revisions"}],"wp:featuredmedia":[{"embeddable":true,"href":"https:\/\/www.redenoticia.com.br\/noticia\/wp-json\/wp\/v2\/media\/57585"}],"wp:attachment":[{"href":"https:\/\/www.redenoticia.com.br\/noticia\/wp-json\/wp\/v2\/media?parent=97013"}],"wp:term":[{"taxonomy":"category","embeddable":true,"href":"https:\/\/www.redenoticia.com.br\/noticia\/wp-json\/wp\/v2\/categories?post=97013"},{"taxonomy":"post_tag","embeddable":true,"href":"https:\/\/www.redenoticia.com.br\/noticia\/wp-json\/wp\/v2\/tags?post=97013"}],"curies":[{"name":"wp","href":"https:\/\/api.w.org\/{rel}","templated":true}]}}