{"id":97011,"date":"2016-10-10T06:41:24","date_gmt":"2016-10-10T09:41:24","guid":{"rendered":"http:\/\/www.redenoticia.com.br\/noticia\/?p=97011"},"modified":"2016-10-08T17:46:17","modified_gmt":"2016-10-08T20:46:17","slug":"custo-da-construcao-cresce-026-em-setembro","status":"publish","type":"post","link":"https:\/\/www.redenoticia.com.br\/noticia\/2016\/custo-da-construcao-cresce-026-em-setembro\/97011","title":{"rendered":"Custo da constru\u00e7\u00e3o cresce 0,26% em setembro"},"content":{"rendered":"<p> Em todo o pa\u00eds, o <strong><em>\u00cdndice Nacional da Constru\u00e7\u00e3o Civil<\/em><\/strong> (Sinapi) ficou em 0,26% em setembro deste ano. A taxa \u00e9 superior ao \u00edndice de 0,24% em agosto. Em 12 meses, o Sinapi acumula taxa de 5,98%, segundo dados divulgados pelo Instituto Brasileiro de Geografia e Estat\u00edstica (IBGE).<\/p>\n<p>O custo por metro quadrado da constru\u00e7\u00e3o civil passou de R$ 1.012,16 em agosto para R$ 1.014,80 em setembro. O crescimento do custo da constru\u00e7\u00e3o foi influenciado pelos materiais, que ficaram 0,59% mais caros e passaram a custar R$ 530,97 por metro quadrado. J\u00e1 a m\u00e3o de obra ficou 0,1% mais barata, passando a custar R$ 483,83.<\/p>\n<p>A maior infla\u00e7\u00e3o da constru\u00e7\u00e3o civil foi observada em Roraima (5,52%), devido \u00e0 press\u00e3o exercida pelo reajuste salarial do acordo coletivo no estado. Sete unidades da federa\u00e7\u00e3o tiveram defla\u00e7\u00e3o, com destaque para o Acre (-0,58%).<\/p>\n<p>Vitor Abdala \u2013 Rep\u00f3rter da Ag\u00eancia Brasil<br \/>\nEdi\u00e7\u00e3o: Kleber Sampaio<br \/>\n10\/10\/2016<br \/>\n&#8212;<\/p>\n<p>A Empresa Brasil de Comunica\u00e7\u00e3o \u00e9 uma institui\u00e7\u00e3o da democracia brasileira: p\u00fablica, inclusiva e cidad\u00e3.  Criada em 2007 para fortalecer o sistema p\u00fablico de comunica\u00e7\u00e3o, \u00e9 gestora dos canais TV Brasil, TV Brasil Internacional, Ag\u00eancia Brasil, Radioag\u00eancia Nacional e do sistema p\u00fablico de R\u00e1dio \u2013 composto por oito emissoras. Estes, por sua independ\u00eancia editorial, distinguem-se dos canais estatais ou governamentais, com conte\u00fados diferenciados e complementares aos canais privados. Os ve\u00edculos da EBC t\u00eam autonomia para definir produ\u00e7\u00e3o, programa\u00e7\u00e3o e distribui\u00e7\u00e3o de conte\u00fados.<\/p>\n","protected":false},"excerpt":{"rendered":"<p>Em todo o pa\u00eds, o \u00cdndice Nacional da Constru\u00e7\u00e3o Civil (Sinapi) ficou em 0,26% em setembro deste ano. A taxa \u00e9 superior ao \u00edndice de 0,24% em agosto. Em 12 meses, o Sinapi acumula taxa de 5,98%, segundo dados divulgados pelo Instituto Brasileiro de Geografia e Estat\u00edstica (IBGE). O custo por metro quadrado da constru\u00e7\u00e3o [&hellip;]<\/p>\n","protected":false},"author":2,"featured_media":57582,"comment_status":"open","ping_status":"closed","sticky":false,"template":"","format":"standard","meta":{"_genesis_hide_title":false,"_genesis_hide_breadcrumbs":false,"_genesis_hide_singular_image":false,"_genesis_hide_footer_widgets":false,"_genesis_custom_body_class":"","_genesis_custom_post_class":"","_genesis_layout":"","_jetpack_memberships_contains_paid_content":false,"footnotes":""},"categories":[22,7],"tags":[],"class_list":{"0":"post-97011","1":"post","2":"type-post","3":"status-publish","4":"format-standard","5":"has-post-thumbnail","7":"category-brasil","8":"category-economia","9":"entry","10":"gs-1","11":"gs-odd","12":"gs-even","13":"gs-featured-content-entry"},"jetpack_featured_media_url":"https:\/\/www.redenoticia.com.br\/noticia\/imagens\/grafico1.jpg","jetpack_sharing_enabled":true,"jetpack_likes_enabled":true,"_links":{"self":[{"href":"https:\/\/www.redenoticia.com.br\/noticia\/wp-json\/wp\/v2\/posts\/97011","targetHints":{"allow":["GET"]}}],"collection":[{"href":"https:\/\/www.redenoticia.com.br\/noticia\/wp-json\/wp\/v2\/posts"}],"about":[{"href":"https:\/\/www.redenoticia.com.br\/noticia\/wp-json\/wp\/v2\/types\/post"}],"author":[{"embeddable":true,"href":"https:\/\/www.redenoticia.com.br\/noticia\/wp-json\/wp\/v2\/users\/2"}],"replies":[{"embeddable":true,"href":"https:\/\/www.redenoticia.com.br\/noticia\/wp-json\/wp\/v2\/comments?post=97011"}],"version-history":[{"count":0,"href":"https:\/\/www.redenoticia.com.br\/noticia\/wp-json\/wp\/v2\/posts\/97011\/revisions"}],"wp:featuredmedia":[{"embeddable":true,"href":"https:\/\/www.redenoticia.com.br\/noticia\/wp-json\/wp\/v2\/media\/57582"}],"wp:attachment":[{"href":"https:\/\/www.redenoticia.com.br\/noticia\/wp-json\/wp\/v2\/media?parent=97011"}],"wp:term":[{"taxonomy":"category","embeddable":true,"href":"https:\/\/www.redenoticia.com.br\/noticia\/wp-json\/wp\/v2\/categories?post=97011"},{"taxonomy":"post_tag","embeddable":true,"href":"https:\/\/www.redenoticia.com.br\/noticia\/wp-json\/wp\/v2\/tags?post=97011"}],"curies":[{"name":"wp","href":"https:\/\/api.w.org\/{rel}","templated":true}]}}