{"id":97009,"date":"2016-10-10T06:40:33","date_gmt":"2016-10-10T09:40:33","guid":{"rendered":"http:\/\/www.redenoticia.com.br\/noticia\/?p=97009"},"modified":"2016-10-08T17:46:40","modified_gmt":"2016-10-08T20:46:40","slug":"inflacao-para-familias-com-renda-mais-baixa-supera-ipca-em-12-meses-915","status":"publish","type":"post","link":"https:\/\/www.redenoticia.com.br\/noticia\/2016\/inflacao-para-familias-com-renda-mais-baixa-supera-ipca-em-12-meses-915\/97009","title":{"rendered":"Infla\u00e7\u00e3o para fam\u00edlias com renda mais baixa supera IPCA em 12 meses: 9,15%"},"content":{"rendered":"<p> O \u00cdndice Nacional de Pre\u00e7os ao Consumidor (INPC), que mede a <strong><em>infla\u00e7\u00e3o<\/em><\/strong> para fam\u00edlias com renda at\u00e9 cinco sal\u00e1rios m\u00ednimos, acumula taxa de 9,15% em 12 meses, segundo levantamento feito pelo Instituto Brasileiro de Geografia e Estat\u00edstica (IBGE) em setembro. No mesmo per\u00edodo, a infla\u00e7\u00e3o oficial, medida pelo \u00cdndice Nacional de Pre\u00e7os ao Consumidor Amplo (IPCA), acumulou taxa de 8,48%.<\/p>\n<p>Considerando-se apenas setembro, o INPC teve a mesma taxa que o IPCA: 0,08%. A taxa \u00e9 inferior ao 0,31% registrado pelo INPC em agosto deste ano.<\/p>\n<p>Assim como aconteceu com o IPCA, a queda da taxa do INPC entre agosto e setembro foi influenciada principalmente pelos produtos aliment\u00edcios, que tiveram uma defla\u00e7\u00e3o (queda de pre\u00e7os) de 0,25% em setembro, ante uma infla\u00e7\u00e3o de 0,28% em agosto.<\/p>\n<p>Os n\u00e3o aliment\u00edcios tiveram uma alta de pre\u00e7os de 0,23%, abaixo da taxa de infla\u00e7\u00e3o observada em agosto (0,32%).<\/p>\n<p>Vitor Abdala \u2013 Rep\u00f3rter da Ag\u00eancia Brasil<br \/>\nEdi\u00e7\u00e3o: Kleber Sampaio<br \/>\n10\/10\/2016<br \/>\n&#8212;<\/p>\n<p>A Empresa Brasil de Comunica\u00e7\u00e3o \u00e9 uma institui\u00e7\u00e3o da democracia brasileira: p\u00fablica, inclusiva e cidad\u00e3.  Criada em 2007 para fortalecer o sistema p\u00fablico de comunica\u00e7\u00e3o, \u00e9 gestora dos canais TV Brasil, TV Brasil Internacional, Ag\u00eancia Brasil, Radioag\u00eancia Nacional e do sistema p\u00fablico de R\u00e1dio \u2013 composto por oito emissoras. Estes, por sua independ\u00eancia editorial, distinguem-se dos canais estatais ou governamentais, com conte\u00fados diferenciados e complementares aos canais privados. Os ve\u00edculos da EBC t\u00eam autonomia para definir produ\u00e7\u00e3o, programa\u00e7\u00e3o e distribui\u00e7\u00e3o de conte\u00fados.<\/p>\n","protected":false},"excerpt":{"rendered":"<p>O \u00cdndice Nacional de Pre\u00e7os ao Consumidor (INPC), que mede a infla\u00e7\u00e3o para fam\u00edlias com renda at\u00e9 cinco sal\u00e1rios m\u00ednimos, acumula taxa de 9,15% em 12 meses, segundo levantamento feito pelo Instituto Brasileiro de Geografia e Estat\u00edstica (IBGE) em setembro. No mesmo per\u00edodo, a infla\u00e7\u00e3o oficial, medida pelo \u00cdndice Nacional de Pre\u00e7os ao Consumidor Amplo [&hellip;]<\/p>\n","protected":false},"author":2,"featured_media":34916,"comment_status":"open","ping_status":"closed","sticky":false,"template":"","format":"standard","meta":{"_genesis_hide_title":false,"_genesis_hide_breadcrumbs":false,"_genesis_hide_singular_image":false,"_genesis_hide_footer_widgets":false,"_genesis_custom_body_class":"","_genesis_custom_post_class":"","_genesis_layout":"","_jetpack_memberships_contains_paid_content":false,"footnotes":""},"categories":[22,7],"tags":[],"class_list":{"0":"post-97009","1":"post","2":"type-post","3":"status-publish","4":"format-standard","5":"has-post-thumbnail","7":"category-brasil","8":"category-economia","9":"entry","10":"gs-1","11":"gs-odd","12":"gs-even","13":"gs-featured-content-entry"},"jetpack_featured_media_url":"https:\/\/www.redenoticia.com.br\/noticia\/imagens\/inflacao.jpg","jetpack_sharing_enabled":true,"jetpack_likes_enabled":true,"_links":{"self":[{"href":"https:\/\/www.redenoticia.com.br\/noticia\/wp-json\/wp\/v2\/posts\/97009","targetHints":{"allow":["GET"]}}],"collection":[{"href":"https:\/\/www.redenoticia.com.br\/noticia\/wp-json\/wp\/v2\/posts"}],"about":[{"href":"https:\/\/www.redenoticia.com.br\/noticia\/wp-json\/wp\/v2\/types\/post"}],"author":[{"embeddable":true,"href":"https:\/\/www.redenoticia.com.br\/noticia\/wp-json\/wp\/v2\/users\/2"}],"replies":[{"embeddable":true,"href":"https:\/\/www.redenoticia.com.br\/noticia\/wp-json\/wp\/v2\/comments?post=97009"}],"version-history":[{"count":0,"href":"https:\/\/www.redenoticia.com.br\/noticia\/wp-json\/wp\/v2\/posts\/97009\/revisions"}],"wp:featuredmedia":[{"embeddable":true,"href":"https:\/\/www.redenoticia.com.br\/noticia\/wp-json\/wp\/v2\/media\/34916"}],"wp:attachment":[{"href":"https:\/\/www.redenoticia.com.br\/noticia\/wp-json\/wp\/v2\/media?parent=97009"}],"wp:term":[{"taxonomy":"category","embeddable":true,"href":"https:\/\/www.redenoticia.com.br\/noticia\/wp-json\/wp\/v2\/categories?post=97009"},{"taxonomy":"post_tag","embeddable":true,"href":"https:\/\/www.redenoticia.com.br\/noticia\/wp-json\/wp\/v2\/tags?post=97009"}],"curies":[{"name":"wp","href":"https:\/\/api.w.org\/{rel}","templated":true}]}}