{"id":97005,"date":"2016-10-10T06:38:09","date_gmt":"2016-10-10T09:38:09","guid":{"rendered":"http:\/\/www.redenoticia.com.br\/noticia\/?p=97005"},"modified":"2016-10-08T17:39:10","modified_gmt":"2016-10-08T20:39:10","slug":"dia-das-criancas-procon-sp-registra-diferenca-de-preco-nos-produtos","status":"publish","type":"post","link":"https:\/\/www.redenoticia.com.br\/noticia\/2016\/dia-das-criancas-procon-sp-registra-diferenca-de-preco-nos-produtos\/97005","title":{"rendered":"Dia das Crian\u00e7as: Procon-SP registra diferen\u00e7a de pre\u00e7o nos produtos"},"content":{"rendered":"<p>O Procon-SP realizou entre os dias 21 e 23 de setembro uma pesquisa comparativa de pre\u00e7os de produtos para o <strong><em>Dia das Crian\u00e7as<\/em><\/strong>. Ao todo, foram pesquisados 113 brinquedos entre bicicletas, bonecas\/bonecos, jogos, massas de modelar e outros em dez lojas distribu\u00eddas pelas cinco regi\u00f5es da cidade de S\u00e3o Paulo.<\/p>\n<p>De acordo com a Funda\u00e7\u00e3o, a maior diferen\u00e7a de pre\u00e7o constatada foi de\u00a0126,08%\u00a0nas bonecas da Cole\u00e7\u00e3o Frutinhas. Confira pesquisa completa .<\/p>\n<p>Pesquisa no interior<br \/>\nNo interior do Estado foram visitados, entre os dias 21 e 30 de setembro, 51 estabelecimentos comerciais em 11 munic\u00edpios.<br \/>\nConfira a pesquisa completa nas cidades de: , , , , S, ,  e .<\/p>\n<p>Veja as orienta\u00e7\u00f5es:<br \/>\nO consumidor deve avaliar al\u00e9m do pre\u00e7o, a idade, o interesse e a habilidade da crian\u00e7a e d\u00ea prefer\u00eancia a brinquedos educativos que estimulem a coordena\u00e7\u00e3o motora, a intelig\u00eancia, a afetividade, a criatividade e a socializa\u00e7\u00e3o.<\/p>\n<p>\u00c9 importante tamb\u00e9m verificar se o item traz informa\u00e7\u00f5es adequadas, claras e em l\u00edngua portuguesa sobre suas caracter\u00edsticas, qualidades, quantidade, origem, composi\u00e7\u00e3o, pre\u00e7o e garantia.<\/p>\n<p>Na embalagem deve constar a indica\u00e7\u00e3o da idade ou faixa et\u00e1ria, instru\u00e7\u00f5es de uso e de montagem, descri\u00e7\u00e3o exata dos itens inseridos, identifica\u00e7\u00e3o do fabricante (nome, CNPJ e endere\u00e7o) ou importador (caso o brinquedo seja importado), eventuais riscos que possam apresentar \u00e0 crian\u00e7a e o selo de certifica\u00e7\u00e3o do Inmetro.<\/p>\n<p>Do Portal do Governo do Estado SP<\/p>\n","protected":false},"excerpt":{"rendered":"<p>O Procon-SP realizou entre os dias 21 e 23 de setembro uma pesquisa comparativa de pre\u00e7os de produtos para o Dia das Crian\u00e7as. Ao todo, foram pesquisados 113 brinquedos entre bicicletas, bonecas\/bonecos, jogos, massas de modelar e outros em dez lojas distribu\u00eddas pelas cinco regi\u00f5es da cidade de S\u00e3o Paulo. De acordo com a Funda\u00e7\u00e3o, [&hellip;]<\/p>\n","protected":false},"author":2,"featured_media":57584,"comment_status":"open","ping_status":"closed","sticky":false,"template":"","format":"standard","meta":{"_genesis_hide_title":false,"_genesis_hide_breadcrumbs":false,"_genesis_hide_singular_image":false,"_genesis_hide_footer_widgets":false,"_genesis_custom_body_class":"","_genesis_custom_post_class":"","_genesis_layout":"","_jetpack_memberships_contains_paid_content":false,"footnotes":""},"categories":[22,7],"tags":[],"class_list":{"0":"post-97005","1":"post","2":"type-post","3":"status-publish","4":"format-standard","5":"has-post-thumbnail","7":"category-brasil","8":"category-economia","9":"entry","10":"gs-1","11":"gs-odd","12":"gs-even","13":"gs-featured-content-entry"},"jetpack_featured_media_url":"https:\/\/www.redenoticia.com.br\/noticia\/imagens\/economia-grafica-analise-inflacao.jpg","jetpack_sharing_enabled":true,"jetpack_likes_enabled":true,"_links":{"self":[{"href":"https:\/\/www.redenoticia.com.br\/noticia\/wp-json\/wp\/v2\/posts\/97005","targetHints":{"allow":["GET"]}}],"collection":[{"href":"https:\/\/www.redenoticia.com.br\/noticia\/wp-json\/wp\/v2\/posts"}],"about":[{"href":"https:\/\/www.redenoticia.com.br\/noticia\/wp-json\/wp\/v2\/types\/post"}],"author":[{"embeddable":true,"href":"https:\/\/www.redenoticia.com.br\/noticia\/wp-json\/wp\/v2\/users\/2"}],"replies":[{"embeddable":true,"href":"https:\/\/www.redenoticia.com.br\/noticia\/wp-json\/wp\/v2\/comments?post=97005"}],"version-history":[{"count":0,"href":"https:\/\/www.redenoticia.com.br\/noticia\/wp-json\/wp\/v2\/posts\/97005\/revisions"}],"wp:featuredmedia":[{"embeddable":true,"href":"https:\/\/www.redenoticia.com.br\/noticia\/wp-json\/wp\/v2\/media\/57584"}],"wp:attachment":[{"href":"https:\/\/www.redenoticia.com.br\/noticia\/wp-json\/wp\/v2\/media?parent=97005"}],"wp:term":[{"taxonomy":"category","embeddable":true,"href":"https:\/\/www.redenoticia.com.br\/noticia\/wp-json\/wp\/v2\/categories?post=97005"},{"taxonomy":"post_tag","embeddable":true,"href":"https:\/\/www.redenoticia.com.br\/noticia\/wp-json\/wp\/v2\/tags?post=97005"}],"curies":[{"name":"wp","href":"https:\/\/api.w.org\/{rel}","templated":true}]}}